{"id":10215,"date":"2026-04-21T02:49:19","date_gmt":"2026-04-21T05:49:19","guid":{"rendered":"https:\/\/cooperativaust.com.ar\/wp\/?p=10215"},"modified":"2026-04-26T02:54:27","modified_gmt":"2026-04-26T05:54:27","slug":"homenaje-a-un-ano-del-fallecimiento-del-papa-francisco","status":"publish","type":"post","link":"https:\/\/cooperativaust.com.ar\/wp\/homenaje-a-un-ano-del-fallecimiento-del-papa-francisco\/","title":{"rendered":"Homenaje a un a\u00f1o del fallecimiento del Papa Francisco"},"content":{"rendered":"\t\t<div data-elementor-type=\"wp-post\" data-elementor-id=\"10215\" class=\"elementor elementor-10215\" data-elementor-post-type=\"post\">\n\t\t\t\t\t\t<section class=\"elementor-section elementor-top-section elementor-element elementor-element-351c4d47 elementor-section-stretched elementor-section-boxed elementor-section-height-default elementor-section-height-default\" data-id=\"351c4d47\" data-element_type=\"section\" data-e-type=\"section\" data-settings=\"{&quot;stretch_section&quot;:&quot;section-stretched&quot;}\">\n\t\t\t\t\t\t\t<div class=\"elementor-background-overlay\"><\/div>\n\t\t\t\t\t\t\t<div class=\"elementor-container elementor-column-gap-default\">\n\t\t\t\t\t<div class=\"elementor-column elementor-col-100 elementor-top-column elementor-element elementor-element-5bac8723\" data-id=\"5bac8723\" data-element_type=\"column\" data-e-type=\"column\">\n\t\t\t<div class=\"elementor-widget-wrap elementor-element-populated\">\n\t\t\t\t\t\t<div class=\"elementor-element elementor-element-55f19de5 elementor-widget elementor-widget-image\" data-id=\"55f19de5\" data-element_type=\"widget\" data-e-type=\"widget\" data-widget_type=\"image.default\">\n\t\t\t\t<div class=\"elementor-widget-container\">\n\t\t\t\t\t\t\t\t\t\t\t\t\t\t\t\t<a href=\"https:\/\/cooperativaust.com.ar\">\n\t\t\t\t\t\t\t<img decoding=\"async\" src=\"https:\/\/cooperativaust.com.ar\/wp\/wp-content\/uploads\/elementor\/thumbs\/marca-completa-copy-oxfp63al7ej5jpag0yfzr9f1dovpkc6e5kttdjpea8.png\" title=\"marca-completa copy\" alt=\"marca-completa copy\" loading=\"lazy\" \/>\t\t\t\t\t\t\t\t<\/a>\n\t\t\t\t\t\t\t\t\t\t\t\t\t\t\t<\/div>\n\t\t\t\t<\/div>\n\t\t\t\t\t<\/div>\n\t\t<\/div>\n\t\t\t\t\t<\/div>\n\t\t<\/section>\n\t\t\t\t<section class=\"elementor-section elementor-top-section elementor-element elementor-element-11995f4 elementor-section-boxed elementor-section-height-default elementor-section-height-default\" data-id=\"11995f4\" data-element_type=\"section\" data-e-type=\"section\">\n\t\t\t\t\t\t<div class=\"elementor-container elementor-column-gap-default\">\n\t\t\t\t\t<div class=\"elementor-column elementor-col-50 elementor-top-column elementor-element elementor-element-7b6d3ab1\" data-id=\"7b6d3ab1\" data-element_type=\"column\" data-e-type=\"column\">\n\t\t\t<div class=\"elementor-widget-wrap elementor-element-populated\">\n\t\t\t\t\t\t<div class=\"elementor-element elementor-element-3ba799d5 elementor-nav-menu__align-justify elementor-widget__width-initial elementor-nav-menu__text-align-center elementor-nav-menu--dropdown-tablet elementor-nav-menu--toggle elementor-nav-menu--burger elementor-invisible elementor-widget elementor-widget-nav-menu\" data-id=\"3ba799d5\" data-element_type=\"widget\" data-e-type=\"widget\" data-settings=\"{&quot;_animation&quot;:&quot;fadeIn&quot;,&quot;layout&quot;:&quot;horizontal&quot;,&quot;submenu_icon&quot;:{&quot;value&quot;:&quot;&lt;i class=\\&quot;fas fa-caret-down\\&quot; aria-hidden=\\&quot;true\\&quot;&gt;&lt;\\\/i&gt;&quot;,&quot;library&quot;:&quot;fa-solid&quot;},&quot;toggle&quot;:&quot;burger&quot;}\" data-widget_type=\"nav-menu.default\">\n\t\t\t\t<div class=\"elementor-widget-container\">\n\t\t\t\t\t\t\t\t<nav aria-label=\"Men\u00fa\" class=\"elementor-nav-menu--main elementor-nav-menu__container elementor-nav-menu--layout-horizontal e--pointer-underline e--animation-fade\">\n\t\t\t\t<ul id=\"menu-1-3ba799d5\" class=\"elementor-nav-menu\"><li class=\"menu-item menu-item-type-post_type menu-item-object-page menu-item-354\"><a href=\"https:\/\/cooperativaust.com.ar\/wp\/institucional\/\" class=\"elementor-item menu-link\">INSTITUCIONAL<\/a><\/li>\n<li class=\"menu-item menu-item-type-post_type menu-item-object-page menu-item-359\"><a href=\"https:\/\/cooperativaust.com.ar\/wp\/cooperativa-ust\/\" class=\"elementor-item menu-link\">Cooperativa UST<\/a><\/li>\n<li class=\"menu-item menu-item-type-post_type menu-item-object-page menu-item-358\"><a href=\"https:\/\/cooperativaust.com.ar\/wp\/polideportivo-ust\/\" class=\"elementor-item menu-link\">Polideportivo UST<\/a><\/li>\n<li class=\"menu-item menu-item-type-post_type menu-item-object-page menu-item-355\"><a href=\"https:\/\/cooperativaust.com.ar\/wp\/agroecologico\/\" class=\"elementor-item menu-link\">Agroecol\u00f3gico<\/a><\/li>\n<li class=\"menu-item menu-item-type-post_type menu-item-object-page menu-item-356\"><a href=\"https:\/\/cooperativaust.com.ar\/wp\/bachi-arbolito\/\" class=\"elementor-item menu-link\">Bachi Arbolito<\/a><\/li>\n<li class=\"menu-item menu-item-type-post_type menu-item-object-page menu-item-357\"><a href=\"https:\/\/cooperativaust.com.ar\/wp\/la-comunidad\/\" class=\"elementor-item menu-link\">La comunidad<\/a><\/li>\n<li class=\"menu-item menu-item-type-post_type menu-item-object-page menu-item-has-children menu-item-353\"><a aria-expanded=\"false\" href=\"https:\/\/cooperativaust.com.ar\/wp\/comunicacion\/\" class=\"elementor-item menu-link\">Comunicaci\u00f3n<\/a>\n<ul class=\"sub-menu elementor-nav-menu--dropdown\">\n\t<li class=\"menu-item menu-item-type-post_type menu-item-object-page menu-item-7903\"><a href=\"https:\/\/cooperativaust.com.ar\/wp\/periodico-pluma\/\" class=\"elementor-sub-item menu-link\">Peri\u00f3dico Pluma<\/a><\/li>\n<\/ul>\n<\/li>\n<li class=\"menu-item menu-item-type-post_type menu-item-object-page menu-item-8225\"><a href=\"https:\/\/cooperativaust.com.ar\/wp\/turismo-rural-y-comunitario-ust\/\" class=\"elementor-item menu-link\">Turismo rural y comunitario UST<\/a><\/li>\n<\/ul>\t\t\t<\/nav>\n\t\t\t\t\t<div class=\"elementor-menu-toggle\" role=\"button\" tabindex=\"0\" aria-label=\"Alternar men\u00fa\" aria-expanded=\"false\">\n\t\t\t<i aria-hidden=\"true\" role=\"presentation\" class=\"elementor-menu-toggle__icon--open eicon-menu-bar\"><\/i><i aria-hidden=\"true\" role=\"presentation\" class=\"elementor-menu-toggle__icon--close eicon-close\"><\/i>\t\t<\/div>\n\t\t\t\t\t<nav class=\"elementor-nav-menu--dropdown elementor-nav-menu__container\" aria-hidden=\"true\">\n\t\t\t\t<ul id=\"menu-2-3ba799d5\" class=\"elementor-nav-menu\"><li class=\"menu-item menu-item-type-post_type menu-item-object-page menu-item-354\"><a href=\"https:\/\/cooperativaust.com.ar\/wp\/institucional\/\" class=\"elementor-item menu-link\" tabindex=\"-1\">INSTITUCIONAL<\/a><\/li>\n<li class=\"menu-item menu-item-type-post_type menu-item-object-page menu-item-359\"><a href=\"https:\/\/cooperativaust.com.ar\/wp\/cooperativa-ust\/\" class=\"elementor-item menu-link\" tabindex=\"-1\">Cooperativa UST<\/a><\/li>\n<li class=\"menu-item menu-item-type-post_type menu-item-object-page menu-item-358\"><a href=\"https:\/\/cooperativaust.com.ar\/wp\/polideportivo-ust\/\" class=\"elementor-item menu-link\" tabindex=\"-1\">Polideportivo UST<\/a><\/li>\n<li class=\"menu-item menu-item-type-post_type menu-item-object-page menu-item-355\"><a href=\"https:\/\/cooperativaust.com.ar\/wp\/agroecologico\/\" class=\"elementor-item menu-link\" tabindex=\"-1\">Agroecol\u00f3gico<\/a><\/li>\n<li class=\"menu-item menu-item-type-post_type menu-item-object-page menu-item-356\"><a href=\"https:\/\/cooperativaust.com.ar\/wp\/bachi-arbolito\/\" class=\"elementor-item menu-link\" tabindex=\"-1\">Bachi Arbolito<\/a><\/li>\n<li class=\"menu-item menu-item-type-post_type menu-item-object-page menu-item-357\"><a href=\"https:\/\/cooperativaust.com.ar\/wp\/la-comunidad\/\" class=\"elementor-item menu-link\" tabindex=\"-1\">La comunidad<\/a><\/li>\n<li class=\"menu-item menu-item-type-post_type menu-item-object-page menu-item-has-children menu-item-353\"><a aria-expanded=\"false\" href=\"https:\/\/cooperativaust.com.ar\/wp\/comunicacion\/\" class=\"elementor-item menu-link\" tabindex=\"-1\">Comunicaci\u00f3n<\/a>\n<ul class=\"sub-menu elementor-nav-menu--dropdown\">\n\t<li class=\"menu-item menu-item-type-post_type menu-item-object-page menu-item-7903\"><a href=\"https:\/\/cooperativaust.com.ar\/wp\/periodico-pluma\/\" class=\"elementor-sub-item menu-link\" tabindex=\"-1\">Peri\u00f3dico Pluma<\/a><\/li>\n<\/ul>\n<\/li>\n<li class=\"menu-item menu-item-type-post_type menu-item-object-page menu-item-8225\"><a href=\"https:\/\/cooperativaust.com.ar\/wp\/turismo-rural-y-comunitario-ust\/\" class=\"elementor-item menu-link\" tabindex=\"-1\">Turismo rural y comunitario UST<\/a><\/li>\n<\/ul>\t\t\t<\/nav>\n\t\t\t\t\t\t<\/div>\n\t\t\t\t<\/div>\n\t\t\t\t\t<\/div>\n\t\t<\/div>\n\t\t\t\t<div class=\"elementor-column elementor-col-50 elementor-top-column elementor-element elementor-element-3b5496f8\" data-id=\"3b5496f8\" data-element_type=\"column\" data-e-type=\"column\">\n\t\t\t<div class=\"elementor-widget-wrap elementor-element-populated\">\n\t\t\t\t\t\t<div class=\"elementor-element elementor-element-27ed16d3 elementor-search-form--skin-full_screen elementor-widget elementor-widget-search-form\" data-id=\"27ed16d3\" data-element_type=\"widget\" data-e-type=\"widget\" data-settings=\"{&quot;skin&quot;:&quot;full_screen&quot;}\" data-widget_type=\"search-form.default\">\n\t\t\t\t<div class=\"elementor-widget-container\">\n\t\t\t\t\t\t\t<search role=\"search\">\n\t\t\t<form class=\"elementor-search-form\" action=\"https:\/\/cooperativaust.com.ar\/wp\" method=\"get\">\n\t\t\t\t\t\t\t\t\t\t\t\t<div class=\"elementor-search-form__toggle\" role=\"button\" tabindex=\"0\" aria-label=\"Buscar\">\n\t\t\t\t\t<i aria-hidden=\"true\" class=\"fas fa-search\"><\/i>\t\t\t\t<\/div>\n\t\t\t\t\t\t\t\t<div class=\"elementor-search-form__container\">\n\t\t\t\t\t<label class=\"elementor-screen-only\" for=\"elementor-search-form-27ed16d3\">Buscar<\/label>\n\n\t\t\t\t\t\n\t\t\t\t\t<input id=\"elementor-search-form-27ed16d3\" placeholder=\"Buscar\" class=\"elementor-search-form__input\" type=\"search\" name=\"s\" value=\"\">\n\t\t\t\t\t\n\t\t\t\t\t\n\t\t\t\t\t\t\t\t\t\t<div class=\"dialog-lightbox-close-button dialog-close-button\" role=\"button\" tabindex=\"0\" aria-label=\"Cerrar este cuadro de b\u00fasqueda.\">\n\t\t\t\t\t\t<i aria-hidden=\"true\" class=\"eicon-close\"><\/i>\t\t\t\t\t<\/div>\n\t\t\t\t\t\t\t\t\t<\/div>\n\t\t\t<\/form>\n\t\t<\/search>\n\t\t\t\t\t\t<\/div>\n\t\t\t\t<\/div>\n\t\t\t\t\t<\/div>\n\t\t<\/div>\n\t\t\t\t\t<\/div>\n\t\t<\/section>\n\t\t\t\t<section class=\"elementor-section elementor-top-section elementor-element elementor-element-c075359 elementor-section-boxed elementor-section-height-default elementor-section-height-default\" data-id=\"c075359\" data-element_type=\"section\" data-e-type=\"section\">\n\t\t\t\t\t\t<div class=\"elementor-container elementor-column-gap-default\">\n\t\t\t\t\t<div class=\"elementor-column elementor-col-100 elementor-top-column elementor-element elementor-element-7bd7944f\" data-id=\"7bd7944f\" data-element_type=\"column\" data-e-type=\"column\">\n\t\t\t<div class=\"elementor-widget-wrap elementor-element-populated\">\n\t\t\t\t\t\t<div class=\"elementor-element elementor-element-22b9c201 elementor-widget elementor-widget-image\" data-id=\"22b9c201\" data-element_type=\"widget\" data-e-type=\"widget\" data-widget_type=\"image.default\">\n\t\t\t\t<div class=\"elementor-widget-container\">\n\t\t\t\t\t\t\t\t\t\t\t\t\t\t\t<img fetchpriority=\"high\" decoding=\"async\" width=\"1000\" height=\"666\" src=\"https:\/\/cooperativaust.com.ar\/wp\/wp-content\/uploads\/2026\/04\/678273980_1505414667611263_9012878759350211772_n-1000x666.jpg\" class=\"attachment-large size-large wp-image-10216\" alt=\"\" srcset=\"https:\/\/cooperativaust.com.ar\/wp\/wp-content\/uploads\/2026\/04\/678273980_1505414667611263_9012878759350211772_n-1000x666.jpg 1000w, https:\/\/cooperativaust.com.ar\/wp\/wp-content\/uploads\/2026\/04\/678273980_1505414667611263_9012878759350211772_n-300x200.jpg 300w, https:\/\/cooperativaust.com.ar\/wp\/wp-content\/uploads\/2026\/04\/678273980_1505414667611263_9012878759350211772_n-768x511.jpg 768w, https:\/\/cooperativaust.com.ar\/wp\/wp-content\/uploads\/2026\/04\/678273980_1505414667611263_9012878759350211772_n-1536x1022.jpg 1536w, https:\/\/cooperativaust.com.ar\/wp\/wp-content\/uploads\/2026\/04\/678273980_1505414667611263_9012878759350211772_n.jpg 1600w\" sizes=\"(max-width: 1000px) 100vw, 1000px\" \/>\t\t\t\t\t\t\t\t\t\t\t\t\t\t\t<\/div>\n\t\t\t\t<\/div>\n\t\t\t\t\t<\/div>\n\t\t<\/div>\n\t\t\t\t\t<\/div>\n\t\t<\/section>\n\t\t\t\t<section class=\"elementor-section elementor-top-section elementor-element elementor-element-69407980 elementor-section-boxed elementor-section-height-default elementor-section-height-default\" data-id=\"69407980\" data-element_type=\"section\" data-e-type=\"section\" data-settings=\"{&quot;background_background&quot;:&quot;classic&quot;}\">\n\t\t\t\t\t\t<div class=\"elementor-container elementor-column-gap-default\">\n\t\t\t\t\t<div class=\"elementor-column elementor-col-100 elementor-top-column elementor-element elementor-element-58e2a85a\" data-id=\"58e2a85a\" data-element_type=\"column\" data-e-type=\"column\">\n\t\t\t<div class=\"elementor-widget-wrap elementor-element-populated\">\n\t\t\t\t\t\t<div class=\"elementor-element elementor-element-7180e870 elementor-widget elementor-widget-heading\" data-id=\"7180e870\" data-element_type=\"widget\" data-e-type=\"widget\" data-widget_type=\"heading.default\">\n\t\t\t\t<div class=\"elementor-widget-container\">\n\t\t\t\t\t<h2 class=\"elementor-heading-title elementor-size-default\">Homenaje a un a\u00f1o del fallecimiento del Papa Francisco<\/h2>\t\t\t\t<\/div>\n\t\t\t\t<\/div>\n\t\t\t\t<div class=\"elementor-element elementor-element-21b3ef02 elementor-widget-divider--view-line elementor-widget elementor-widget-divider\" data-id=\"21b3ef02\" data-element_type=\"widget\" data-e-type=\"widget\" data-widget_type=\"divider.default\">\n\t\t\t\t<div class=\"elementor-widget-container\">\n\t\t\t\t\t\t\t<div class=\"elementor-divider\">\n\t\t\t<span class=\"elementor-divider-separator\">\n\t\t\t\t\t\t<\/span>\n\t\t<\/div>\n\t\t\t\t\t\t<\/div>\n\t\t\t\t<\/div>\n\t\t\t\t\t<\/div>\n\t\t<\/div>\n\t\t\t\t\t<\/div>\n\t\t<\/section>\n\t\t\t\t<section class=\"elementor-section elementor-top-section elementor-element elementor-element-5e7a0f86 elementor-section-boxed elementor-section-height-default elementor-section-height-default\" data-id=\"5e7a0f86\" data-element_type=\"section\" data-e-type=\"section\">\n\t\t\t\t\t\t<div class=\"elementor-container elementor-column-gap-default\">\n\t\t\t\t\t<div class=\"elementor-column elementor-col-33 elementor-top-column elementor-element elementor-element-20524987\" data-id=\"20524987\" data-element_type=\"column\" data-e-type=\"column\">\n\t\t\t<div class=\"elementor-widget-wrap elementor-element-populated\">\n\t\t\t\t\t\t<div class=\"elementor-element elementor-element-217bdb16 elementor-widget elementor-widget-text-editor\" data-id=\"217bdb16\" data-element_type=\"widget\" data-e-type=\"widget\" data-widget_type=\"text-editor.default\">\n\t\t\t\t<div class=\"elementor-widget-container\">\n\t\t\t\t\t\t\t\t\t<p class=\"p1\">La Cooperativa Uni\u00f3n Solidaria de Trabajadores particip\u00f3 junto al intendente de Avellaneda, Jorge Ferraresi, la jefa de gabinete, Magdalena Sierra, miembros del gabinete municipal y autoridades de la iglesia cat\u00f3lica, de una misa para recordar y celebrar el trabajo pastoral del Papa Francisco en el primer aniversario de su desaparici\u00f3n f\u00edsica, homenaje que se desarroll\u00f3 este martes en la Catedral Nuestra Se\u00f1ora de Asunci\u00f3n de nuestra ciudad.<\/p>\t\t\t\t\t\t\t\t<\/div>\n\t\t\t\t<\/div>\n\t\t\t\t<div class=\"elementor-element elementor-element-6664741b elementor-share-buttons--color-custom elementor-share-buttons--view-icon elementor-share-buttons--shape-circle elementor-share-buttons--skin-framed elementor-grid-0 elementor-widget elementor-widget-share-buttons\" data-id=\"6664741b\" data-element_type=\"widget\" data-e-type=\"widget\" data-widget_type=\"share-buttons.default\">\n\t\t\t\t<div class=\"elementor-widget-container\">\n\t\t\t\t\t\t\t<div class=\"elementor-grid\" role=\"list\">\n\t\t\t\t\t\t\t\t<div class=\"elementor-grid-item\" role=\"listitem\">\n\t\t\t\t\t\t<div class=\"elementor-share-btn elementor-share-btn_facebook\" role=\"button\" tabindex=\"0\" aria-label=\"Compartir en facebook\">\n\t\t\t\t\t\t\t\t\t\t\t\t\t\t\t<span class=\"elementor-share-btn__icon\">\n\t\t\t\t\t\t\t\t<i class=\"fab fa-facebook\" aria-hidden=\"true\"><\/i>\t\t\t\t\t\t\t<\/span>\n\t\t\t\t\t\t\t\t\t\t\t\t\t\t\t\t\t\t\t\t<\/div>\n\t\t\t\t\t<\/div>\n\t\t\t\t\t\t\t\t\t<div class=\"elementor-grid-item\" role=\"listitem\">\n\t\t\t\t\t\t<div class=\"elementor-share-btn elementor-share-btn_twitter\" role=\"button\" tabindex=\"0\" aria-label=\"Compartir en twitter\">\n\t\t\t\t\t\t\t\t\t\t\t\t\t\t\t<span class=\"elementor-share-btn__icon\">\n\t\t\t\t\t\t\t\t<i class=\"fab fa-twitter\" aria-hidden=\"true\"><\/i>\t\t\t\t\t\t\t<\/span>\n\t\t\t\t\t\t\t\t\t\t\t\t\t\t\t\t\t\t\t\t<\/div>\n\t\t\t\t\t<\/div>\n\t\t\t\t\t\t\t\t\t<div class=\"elementor-grid-item\" role=\"listitem\">\n\t\t\t\t\t\t<div class=\"elementor-share-btn elementor-share-btn_whatsapp\" role=\"button\" tabindex=\"0\" aria-label=\"Compartir en whatsapp\">\n\t\t\t\t\t\t\t\t\t\t\t\t\t\t\t<span class=\"elementor-share-btn__icon\">\n\t\t\t\t\t\t\t\t<i class=\"fab fa-whatsapp\" aria-hidden=\"true\"><\/i>\t\t\t\t\t\t\t<\/span>\n\t\t\t\t\t\t\t\t\t\t\t\t\t\t\t\t\t\t\t\t<\/div>\n\t\t\t\t\t<\/div>\n\t\t\t\t\t\t\t\t\t<div class=\"elementor-grid-item\" role=\"listitem\">\n\t\t\t\t\t\t<div class=\"elementor-share-btn elementor-share-btn_email\" role=\"button\" tabindex=\"0\" aria-label=\"Compartir en email\">\n\t\t\t\t\t\t\t\t\t\t\t\t\t\t\t<span class=\"elementor-share-btn__icon\">\n\t\t\t\t\t\t\t\t<i class=\"fas fa-envelope\" aria-hidden=\"true\"><\/i>\t\t\t\t\t\t\t<\/span>\n\t\t\t\t\t\t\t\t\t\t\t\t\t\t\t\t\t\t\t\t<\/div>\n\t\t\t\t\t<\/div>\n\t\t\t\t\t\t\t\t\t<div class=\"elementor-grid-item\" role=\"listitem\">\n\t\t\t\t\t\t<div class=\"elementor-share-btn elementor-share-btn_telegram\" role=\"button\" tabindex=\"0\" aria-label=\"Compartir en telegram\">\n\t\t\t\t\t\t\t\t\t\t\t\t\t\t\t<span class=\"elementor-share-btn__icon\">\n\t\t\t\t\t\t\t\t<i class=\"fab fa-telegram\" aria-hidden=\"true\"><\/i>\t\t\t\t\t\t\t<\/span>\n\t\t\t\t\t\t\t\t\t\t\t\t\t\t\t\t\t\t\t\t<\/div>\n\t\t\t\t\t<\/div>\n\t\t\t\t\t\t<\/div>\n\t\t\t\t\t\t<\/div>\n\t\t\t\t<\/div>\n\t\t\t\t\t<\/div>\n\t\t<\/div>\n\t\t\t\t<div class=\"elementor-column elementor-col-33 elementor-top-column elementor-element elementor-element-1e979c92\" data-id=\"1e979c92\" data-element_type=\"column\" data-e-type=\"column\">\n\t\t\t<div class=\"elementor-widget-wrap\">\n\t\t\t\t\t\t\t<\/div>\n\t\t<\/div>\n\t\t\t\t<div class=\"elementor-column elementor-col-33 elementor-top-column elementor-element elementor-element-5abcddc5\" data-id=\"5abcddc5\" data-element_type=\"column\" data-e-type=\"column\">\n\t\t\t<div class=\"elementor-widget-wrap elementor-element-populated\">\n\t\t\t\t\t\t<div class=\"elementor-element elementor-element-1097b6cf elementor-widget elementor-widget-text-editor\" data-id=\"1097b6cf\" data-element_type=\"widget\" data-e-type=\"widget\" data-widget_type=\"text-editor.default\">\n\t\t\t\t<div class=\"elementor-widget-container\">\n\t\t\t\t\t\t\t\t\t<div class=\"x14z9mp xat24cr x1lziwak x1vvkbs xtlvy1s x126k92a\"><div dir=\"auto\">Durante su intervenci\u00f3n, el jefe de gobierno municipal destac\u00f3 que el legado de Francisco est\u00e1 vivo en nuestra ciudad \u201cporque Avellaneda tiene una comunidad que practica la solidaridad, con empat\u00eda y justicia social. Nuestro Papa fue un hombre del pueblo y un l\u00edder espiritual que llevaremos por siempre en nuestros corazones\u201d, afirm\u00f3 Ferraresi.<\/div><div dir=\"auto\">\u00a0<\/div><div dir=\"auto\">La jefa de Gabinete del municipio, Magdalena Sierra, destac\u00f3 que la tarea del Papa Francisco \u201cnos convoca a vivir nuestra fe con esperanza, siguiendo su ejemplo para construir, entre todos y todas, un pa\u00eds m\u00e1s justo y solidario\u201d.<\/div><\/div><div class=\"x14z9mp xat24cr x1lziwak x1vvkbs xtlvy1s x126k92a\"><div dir=\"auto\">\u00a0<\/div><div dir=\"auto\">Durante la eucarist\u00eda en la Catedral avellanedense, el presb\u00edtero Osvaldo De Piero afirm\u00f3 que la mejor manera de recordarlo \u201cno es repetir sus frases, sino continuar su estilo: una fe que no teme mezclarse con la realidad, que escucha antes de hablar y que cree que la transformaci\u00f3n empieza en lo peque\u00f1o, pero apunta a lo universal\u201d. El Padre Obispo Maxi Margni, que lleg\u00f3 a la Catedral tras participar de la celebraci\u00f3n en Luj\u00e1n, destac\u00f3 de Francisco \u201cla valent\u00eda evang\u00e9lica que impulsa creatividad en medio de la oscuridad, en contraste con una violencia que nace de la cobard\u00eda\u201d.<\/div><\/div><div class=\"x14z9mp xat24cr x1lziwak x1vvkbs xtlvy1s x126k92a\"><div dir=\"auto\">\u00a0<\/div><div dir=\"auto\">Mario Barrios, cofundador de la Cooperativa UST, record\u00f3 su participaci\u00f3n, representando a las empresas recuperadas, en el II Encuentro Mundial de Movimientos Populares celebrado en Santa Cruz de la Sierra, Bolivia, del 7 al 9 de julio de 2015. \u201cFrancisco nos recibi\u00f3 con un mate, nos regal\u00f3 la enc\u00edclica Laudato Si, que para nosotros se transform\u00f3 en una especie de libro de cabecera porque hacemos mantenimiento ambiental y ah\u00ed nos empapamos sobre la carta ambiental, estudiamos agroecolog\u00eda\u201d. Y agreg\u00f3 que Francisco revalid\u00f3 documentos de fil\u00f3sofos que hab\u00edan estudiado el consumo exacerbado que tiene nuestra humanidad.<\/div><\/div><div class=\"x14z9mp xat24cr x1lziwak x1vvkbs xtlvy1s x126k92a\"><div dir=\"auto\">\u00a0<\/div><div dir=\"auto\">\u201cEn ese camino, nos sentimos muy identificados con su papado. Creemos que mantener el cuidado del medio ambiente y bajar un poco el consumo es posible y estamos intentando eso\u201d, finaliz\u00f3 el referente de la UST.<\/div><div dir=\"auto\">\u00a0<\/div><\/div>\t\t\t\t\t\t\t\t<\/div>\n\t\t\t\t<\/div>\n\t\t\t\t\t<\/div>\n\t\t<\/div>\n\t\t\t\t\t<\/div>\n\t\t<\/section>\n\t\t\t\t<section class=\"elementor-section elementor-top-section elementor-element elementor-element-4070a557 elementor-section-boxed elementor-section-height-default elementor-section-height-default\" data-id=\"4070a557\" data-element_type=\"section\" data-e-type=\"section\">\n\t\t\t\t\t\t<div class=\"elementor-container elementor-column-gap-default\">\n\t\t\t\t\t<div class=\"elementor-column elementor-col-100 elementor-top-column elementor-element elementor-element-33f1dbe2\" data-id=\"33f1dbe2\" data-element_type=\"column\" data-e-type=\"column\">\n\t\t\t<div class=\"elementor-widget-wrap elementor-element-populated\">\n\t\t\t\t\t\t<div class=\"elementor-element elementor-element-4603ce2c elementor-widget elementor-widget-gallery\" data-id=\"4603ce2c\" data-element_type=\"widget\" data-e-type=\"widget\" data-settings=\"{&quot;lazyload&quot;:&quot;yes&quot;,&quot;gallery_layout&quot;:&quot;grid&quot;,&quot;columns&quot;:4,&quot;columns_tablet&quot;:2,&quot;columns_mobile&quot;:1,&quot;gap&quot;:{&quot;unit&quot;:&quot;px&quot;,&quot;size&quot;:10,&quot;sizes&quot;:[]},&quot;gap_tablet&quot;:{&quot;unit&quot;:&quot;px&quot;,&quot;size&quot;:10,&quot;sizes&quot;:[]},&quot;gap_mobile&quot;:{&quot;unit&quot;:&quot;px&quot;,&quot;size&quot;:10,&quot;sizes&quot;:[]},&quot;link_to&quot;:&quot;file&quot;,&quot;aspect_ratio&quot;:&quot;3:2&quot;,&quot;overlay_background&quot;:&quot;yes&quot;,&quot;content_hover_animation&quot;:&quot;fade-in&quot;}\" data-widget_type=\"gallery.default\">\n\t\t\t\t<div class=\"elementor-widget-container\">\n\t\t\t\t\t\t\t<div class=\"elementor-gallery__container\">\n\t\t\t\t\t\t\t<a class=\"e-gallery-item elementor-gallery-item elementor-animated-content\" href=\"https:\/\/cooperativaust.com.ar\/wp\/wp-content\/uploads\/2026\/04\/679883672_1561213012677109_3674131917443579191_n.jpg\" data-elementor-open-lightbox=\"yes\" data-elementor-lightbox-slideshow=\"4603ce2c\" data-elementor-lightbox-title=\"679883672_1561213012677109_3674131917443579191_n\" data-e-action-hash=\"#elementor-action%3Aaction%3Dlightbox%26settings%3DeyJpZCI6MTAyMjEsInVybCI6Imh0dHBzOlwvXC9jb29wZXJhdGl2YXVzdC5jb20uYXJcL3dwXC93cC1jb250ZW50XC91cGxvYWRzXC8yMDI2XC8wNFwvNjc5ODgzNjcyXzE1NjEyMTMwMTI2NzcxMDlfMzY3NDEzMTkxNzQ0MzU3OTE5MV9uLmpwZyIsInNsaWRlc2hvdyI6IjQ2MDNjZTJjIn0%3D\">\n\t\t\t\t\t<div class=\"e-gallery-image elementor-gallery-item__image\" data-thumbnail=\"https:\/\/cooperativaust.com.ar\/wp\/wp-content\/uploads\/2026\/04\/679883672_1561213012677109_3674131917443579191_n-300x226.jpg\" data-width=\"300\" data-height=\"226\" aria-label=\"\" role=\"img\" ><\/div>\n\t\t\t\t\t\t\t\t\t\t\t<div class=\"elementor-gallery-item__overlay\"><\/div>\n\t\t\t\t\t\t\t\t\t\t\t\t\t\t<\/a>\n\t\t\t\t\t\t\t<a class=\"e-gallery-item elementor-gallery-item elementor-animated-content\" href=\"https:\/\/cooperativaust.com.ar\/wp\/wp-content\/uploads\/2026\/04\/677212567_1505414677611262_4119667189401973540_n.jpg\" data-elementor-open-lightbox=\"yes\" data-elementor-lightbox-slideshow=\"4603ce2c\" data-elementor-lightbox-title=\"677212567_1505414677611262_4119667189401973540_n\" data-e-action-hash=\"#elementor-action%3Aaction%3Dlightbox%26settings%3DeyJpZCI6MTAyMTgsInVybCI6Imh0dHBzOlwvXC9jb29wZXJhdGl2YXVzdC5jb20uYXJcL3dwXC93cC1jb250ZW50XC91cGxvYWRzXC8yMDI2XC8wNFwvNjc3MjEyNTY3XzE1MDU0MTQ2Nzc2MTEyNjJfNDExOTY2NzE4OTQwMTk3MzU0MF9uLmpwZyIsInNsaWRlc2hvdyI6IjQ2MDNjZTJjIn0%3D\">\n\t\t\t\t\t<div class=\"e-gallery-image elementor-gallery-item__image\" data-thumbnail=\"https:\/\/cooperativaust.com.ar\/wp\/wp-content\/uploads\/2026\/04\/677212567_1505414677611262_4119667189401973540_n-300x200.jpg\" data-width=\"300\" data-height=\"200\" aria-label=\"\" role=\"img\" ><\/div>\n\t\t\t\t\t\t\t\t\t\t\t<div class=\"elementor-gallery-item__overlay\"><\/div>\n\t\t\t\t\t\t\t\t\t\t\t\t\t\t<\/a>\n\t\t\t\t\t\t\t<a class=\"e-gallery-item elementor-gallery-item elementor-animated-content\" href=\"https:\/\/cooperativaust.com.ar\/wp\/wp-content\/uploads\/2026\/04\/678546086_1505414690944594_8286311438677071919_n.jpg\" data-elementor-open-lightbox=\"yes\" data-elementor-lightbox-slideshow=\"4603ce2c\" data-elementor-lightbox-title=\"678546086_1505414690944594_8286311438677071919_n\" data-e-action-hash=\"#elementor-action%3Aaction%3Dlightbox%26settings%3DeyJpZCI6MTAyMjAsInVybCI6Imh0dHBzOlwvXC9jb29wZXJhdGl2YXVzdC5jb20uYXJcL3dwXC93cC1jb250ZW50XC91cGxvYWRzXC8yMDI2XC8wNFwvNjc4NTQ2MDg2XzE1MDU0MTQ2OTA5NDQ1OTRfODI4NjMxMTQzODY3NzA3MTkxOV9uLmpwZyIsInNsaWRlc2hvdyI6IjQ2MDNjZTJjIn0%3D\">\n\t\t\t\t\t<div class=\"e-gallery-image elementor-gallery-item__image\" data-thumbnail=\"https:\/\/cooperativaust.com.ar\/wp\/wp-content\/uploads\/2026\/04\/678546086_1505414690944594_8286311438677071919_n-300x200.jpg\" data-width=\"300\" data-height=\"200\" aria-label=\"\" role=\"img\" ><\/div>\n\t\t\t\t\t\t\t\t\t\t\t<div class=\"elementor-gallery-item__overlay\"><\/div>\n\t\t\t\t\t\t\t\t\t\t\t\t\t\t<\/a>\n\t\t\t\t\t\t\t<a class=\"e-gallery-item elementor-gallery-item elementor-animated-content\" href=\"https:\/\/cooperativaust.com.ar\/wp\/wp-content\/uploads\/2026\/04\/678282259_1505414657611264_113837028587721127_n.jpg\" data-elementor-open-lightbox=\"yes\" data-elementor-lightbox-slideshow=\"4603ce2c\" data-elementor-lightbox-title=\"678282259_1505414657611264_113837028587721127_n\" data-e-action-hash=\"#elementor-action%3Aaction%3Dlightbox%26settings%3DeyJpZCI6MTAyMTksInVybCI6Imh0dHBzOlwvXC9jb29wZXJhdGl2YXVzdC5jb20uYXJcL3dwXC93cC1jb250ZW50XC91cGxvYWRzXC8yMDI2XC8wNFwvNjc4MjgyMjU5XzE1MDU0MTQ2NTc2MTEyNjRfMTEzODM3MDI4NTg3NzIxMTI3X24uanBnIiwic2xpZGVzaG93IjoiNDYwM2NlMmMifQ%3D%3D\">\n\t\t\t\t\t<div class=\"e-gallery-image elementor-gallery-item__image\" data-thumbnail=\"https:\/\/cooperativaust.com.ar\/wp\/wp-content\/uploads\/2026\/04\/678282259_1505414657611264_113837028587721127_n-300x200.jpg\" data-width=\"300\" data-height=\"200\" aria-label=\"\" role=\"img\" ><\/div>\n\t\t\t\t\t\t\t\t\t\t\t<div class=\"elementor-gallery-item__overlay\"><\/div>\n\t\t\t\t\t\t\t\t\t\t\t\t\t\t<\/a>\n\t\t\t\t\t<\/div>\n\t\t\t\t\t<\/div>\n\t\t\t\t<\/div>\n\t\t\t\t\t<\/div>\n\t\t<\/div>\n\t\t\t\t\t<\/div>\n\t\t<\/section>\n\t\t\t\t<section class=\"elementor-section elementor-top-section elementor-element elementor-element-162a4287 elementor-section-boxed elementor-section-height-default elementor-section-height-default\" data-id=\"162a4287\" data-element_type=\"section\" data-e-type=\"section\">\n\t\t\t\t\t\t<div class=\"elementor-container elementor-column-gap-default\">\n\t\t\t\t\t<div class=\"elementor-column elementor-col-100 elementor-top-column elementor-element elementor-element-41a1d082\" data-id=\"41a1d082\" data-element_type=\"column\" data-e-type=\"column\">\n\t\t\t<div class=\"elementor-widget-wrap elementor-element-populated\">\n\t\t\t\t\t\t<div class=\"elementor-element elementor-element-7f20d831 elementor-widget elementor-widget-spacer\" data-id=\"7f20d831\" data-element_type=\"widget\" data-e-type=\"widget\" data-widget_type=\"spacer.default\">\n\t\t\t\t<div class=\"elementor-widget-container\">\n\t\t\t\t\t\t\t<div class=\"elementor-spacer\">\n\t\t\t<div class=\"elementor-spacer-inner\"><\/div>\n\t\t<\/div>\n\t\t\t\t\t\t<\/div>\n\t\t\t\t<\/div>\n\t\t\t\t\t<\/div>\n\t\t<\/div>\n\t\t\t\t\t<\/div>\n\t\t<\/section>\n\t\t\t\t<footer class=\"elementor-section elementor-top-section elementor-element elementor-element-41a4badb elementor-section-boxed elementor-section-height-default elementor-section-height-default\" data-id=\"41a4badb\" data-element_type=\"section\" data-e-type=\"section\">\n\t\t\t\t\t\t<div class=\"elementor-container elementor-column-gap-default\">\n\t\t\t\t\t<div class=\"elementor-column elementor-col-33 elementor-top-column elementor-element elementor-element-702cc417\" data-id=\"702cc417\" data-element_type=\"column\" data-e-type=\"column\">\n\t\t\t<div class=\"elementor-widget-wrap elementor-element-populated\">\n\t\t\t\t\t\t<div class=\"elementor-element elementor-element-e46c0c6 elementor-widget elementor-widget-image\" data-id=\"e46c0c6\" data-element_type=\"widget\" data-e-type=\"widget\" data-widget_type=\"image.default\">\n\t\t\t\t<div class=\"elementor-widget-container\">\n\t\t\t\t\t\t\t\t\t\t\t\t\t\t\t<img decoding=\"async\" width=\"266\" height=\"179\" src=\"https:\/\/cooperativaust.com.ar\/wp\/wp-content\/uploads\/2020\/09\/Cabezax3.png\" class=\"attachment-large size-large wp-image-2467\" alt=\"\" \/>\t\t\t\t\t\t\t\t\t\t\t\t\t\t\t<\/div>\n\t\t\t\t<\/div>\n\t\t\t\t<div class=\"elementor-element elementor-element-6db4b67c elementor-widget elementor-widget-text-editor\" data-id=\"6db4b67c\" data-element_type=\"widget\" data-e-type=\"widget\" data-widget_type=\"text-editor.default\">\n\t\t\t\t<div class=\"elementor-widget-container\">\n\t\t\t\t\t\t\t\t\t<p>Calle Ortega 4800, Villa Dominico, Avellaneda, Buenos Aires, Argentina&nbsp;<br>WhatsApp: +54 9 11 5410-7544<br><\/p>\t\t\t\t\t\t\t\t<\/div>\n\t\t\t\t<\/div>\n\t\t\t\t\t<\/div>\n\t\t<\/div>\n\t\t\t\t<div class=\"elementor-column elementor-col-33 elementor-top-column elementor-element elementor-element-796ea42a\" data-id=\"796ea42a\" data-element_type=\"column\" data-e-type=\"column\">\n\t\t\t<div class=\"elementor-widget-wrap elementor-element-populated\">\n\t\t\t\t\t\t<div class=\"elementor-element elementor-element-4a20c944 elementor-widget elementor-widget-google_maps\" data-id=\"4a20c944\" data-element_type=\"widget\" data-e-type=\"widget\" data-widget_type=\"google_maps.default\">\n\t\t\t\t<div class=\"elementor-widget-container\">\n\t\t\t\t\t\t\t<div class=\"elementor-custom-embed\">\n\t\t\t<iframe loading=\"lazy\"\n\t\t\t\t\tsrc=\"https:\/\/maps.google.com\/maps?q=34%C2%B041%2706.2%22S%2058%C2%B018%2757.9%22W&#038;t=m&#038;z=10&#038;output=embed&#038;iwloc=near\"\n\t\t\t\t\ttitle=\"34\u00b041&#039;06.2&quot;S 58\u00b018&#039;57.9&quot;W\"\n\t\t\t\t\taria-label=\"34\u00b041&#039;06.2&quot;S 58\u00b018&#039;57.9&quot;W\"\n\t\t\t><\/iframe>\n\t\t<\/div>\n\t\t\t\t\t\t<\/div>\n\t\t\t\t<\/div>\n\t\t\t\t\t<\/div>\n\t\t<\/div>\n\t\t\t\t<div class=\"elementor-column elementor-col-33 elementor-top-column elementor-element elementor-element-2c9b29e9\" data-id=\"2c9b29e9\" data-element_type=\"column\" data-e-type=\"column\">\n\t\t\t<div class=\"elementor-widget-wrap elementor-element-populated\">\n\t\t\t\t\t\t<div class=\"elementor-element elementor-element-64797723 elementor-widget elementor-widget-heading\" data-id=\"64797723\" data-element_type=\"widget\" data-e-type=\"widget\" data-widget_type=\"heading.default\">\n\t\t\t\t<div class=\"elementor-widget-container\">\n\t\t\t\t\t<div class=\"elementor-heading-title elementor-size-default\">NUESTRAS REDES<\/div>\t\t\t\t<\/div>\n\t\t\t\t<\/div>\n\t\t\t\t<div class=\"elementor-element elementor-element-214d96ac elementor-shape-circle elementor-grid-4 e-grid-align-left elementor-widget elementor-widget-social-icons\" data-id=\"214d96ac\" data-element_type=\"widget\" data-e-type=\"widget\" data-widget_type=\"social-icons.default\">\n\t\t\t\t<div class=\"elementor-widget-container\">\n\t\t\t\t\t\t\t<div class=\"elementor-social-icons-wrapper elementor-grid\" role=\"list\">\n\t\t\t\t\t\t\t<span class=\"elementor-grid-item\" role=\"listitem\">\n\t\t\t\t\t<a class=\"elementor-icon elementor-social-icon elementor-social-icon-facebook elementor-repeater-item-dd47f45\" href=\"https:\/\/www.facebook.com\/CoopUST\" target=\"_blank\">\n\t\t\t\t\t\t<span class=\"elementor-screen-only\">Facebook<\/span>\n\t\t\t\t\t\t<i aria-hidden=\"true\" class=\"fab fa-facebook\"><\/i>\t\t\t\t\t<\/a>\n\t\t\t\t<\/span>\n\t\t\t\t\t\t\t<span class=\"elementor-grid-item\" role=\"listitem\">\n\t\t\t\t\t<a class=\"elementor-icon elementor-social-icon elementor-social-icon-twitter elementor-repeater-item-583ab31\" href=\"https:\/\/twitter.com\/CooperativaUST\" target=\"_blank\">\n\t\t\t\t\t\t<span class=\"elementor-screen-only\">Twitter<\/span>\n\t\t\t\t\t\t<i aria-hidden=\"true\" class=\"fab fa-twitter\"><\/i>\t\t\t\t\t<\/a>\n\t\t\t\t<\/span>\n\t\t\t\t\t\t\t<span class=\"elementor-grid-item\" role=\"listitem\">\n\t\t\t\t\t<a class=\"elementor-icon elementor-social-icon elementor-social-icon-youtube elementor-repeater-item-6b0a73e\" href=\"https:\/\/www.youtube.com\/user\/CooperativaUST\" target=\"_blank\">\n\t\t\t\t\t\t<span class=\"elementor-screen-only\">Youtube<\/span>\n\t\t\t\t\t\t<i aria-hidden=\"true\" class=\"fab fa-youtube\"><\/i>\t\t\t\t\t<\/a>\n\t\t\t\t<\/span>\n\t\t\t\t\t\t\t<span class=\"elementor-grid-item\" role=\"listitem\">\n\t\t\t\t\t<a class=\"elementor-icon elementor-social-icon elementor-social-icon-instagram elementor-repeater-item-441c33e\" href=\"https:\/\/www.instagram.com\/cooperativaust\/\" target=\"_blank\">\n\t\t\t\t\t\t<span class=\"elementor-screen-only\">Instagram<\/span>\n\t\t\t\t\t\t<i aria-hidden=\"true\" class=\"fab fa-instagram\"><\/i>\t\t\t\t\t<\/a>\n\t\t\t\t<\/span>\n\t\t\t\t\t<\/div>\n\t\t\t\t\t\t<\/div>\n\t\t\t\t<\/div>\n\t\t\t\t<div class=\"elementor-element elementor-element-6fb4e55d elementor-widget-divider--view-line elementor-widget elementor-widget-divider\" data-id=\"6fb4e55d\" data-element_type=\"widget\" data-e-type=\"widget\" data-widget_type=\"divider.default\">\n\t\t\t\t<div class=\"elementor-widget-container\">\n\t\t\t\t\t\t\t<div class=\"elementor-divider\">\n\t\t\t<span class=\"elementor-divider-separator\">\n\t\t\t\t\t\t<\/span>\n\t\t<\/div>\n\t\t\t\t\t\t<\/div>\n\t\t\t\t<\/div>\n\t\t\t\t<div class=\"elementor-element elementor-element-1af6c8cb elementor-widget elementor-widget-heading\" data-id=\"1af6c8cb\" data-element_type=\"widget\" data-e-type=\"widget\" data-widget_type=\"heading.default\">\n\t\t\t\t<div class=\"elementor-widget-container\">\n\t\t\t\t\t<div class=\"elementor-heading-title elementor-size-default\">CONTACTO<\/div>\t\t\t\t<\/div>\n\t\t\t\t<\/div>\n\t\t\t\t<div class=\"elementor-element elementor-element-702976cb elementor-button-align-stretch elementor-widget elementor-widget-form\" data-id=\"702976cb\" data-element_type=\"widget\" data-e-type=\"widget\" data-settings=\"{&quot;step_next_label&quot;:&quot;Pr\\u00f3ximo&quot;,&quot;step_previous_label&quot;:&quot;Anterior&quot;,&quot;button_width&quot;:&quot;100&quot;,&quot;step_type&quot;:&quot;number_text&quot;,&quot;step_icon_shape&quot;:&quot;circle&quot;}\" data-widget_type=\"form.default\">\n\t\t\t\t<div class=\"elementor-widget-container\">\n\t\t\t\t\t\t\t<form class=\"elementor-form\" method=\"post\" name=\"Contacto pie\" aria-label=\"Contacto pie\">\n\t\t\t<input type=\"hidden\" name=\"post_id\" value=\"10215\"\/>\n\t\t\t<input type=\"hidden\" name=\"form_id\" value=\"702976cb\"\/>\n\t\t\t<input type=\"hidden\" name=\"referer_title\" value=\"Homenaje a un a\u00f1o del fallecimiento del Papa Francisco - Cooperativa UST\" \/>\n\n\t\t\t\t\t\t\t<input type=\"hidden\" name=\"queried_id\" value=\"10215\"\/>\n\t\t\t\n\t\t\t<div class=\"elementor-form-fields-wrapper elementor-labels-\">\n\t\t\t\t\t\t\t\t<div class=\"elementor-field-type-text elementor-field-group elementor-column elementor-field-group-name elementor-col-100 elementor-field-required\">\n\t\t\t\t\t\t\t\t\t\t\t\t<label for=\"form-field-name\" class=\"elementor-field-label elementor-screen-only\">\n\t\t\t\t\t\t\t\tNombre + mensaje\t\t\t\t\t\t\t<\/label>\n\t\t\t\t\t\t\t\t\t\t\t\t\t\t<input size=\"1\" type=\"text\" name=\"form_fields[name]\" id=\"form-field-name\" class=\"elementor-field elementor-size-sm  elementor-field-textual\" placeholder=\"Nombre + mensaje\" required=\"required\">\n\t\t\t\t\t\t\t\t\t\t\t<\/div>\n\t\t\t\t\t\t\t\t<div class=\"elementor-field-type-email elementor-field-group elementor-column elementor-field-group-email elementor-col-100 elementor-field-required\">\n\t\t\t\t\t\t\t\t\t\t\t\t<label for=\"form-field-email\" class=\"elementor-field-label elementor-screen-only\">\n\t\t\t\t\t\t\t\tEmail\t\t\t\t\t\t\t<\/label>\n\t\t\t\t\t\t\t\t\t\t\t\t\t\t<input size=\"1\" type=\"email\" name=\"form_fields[email]\" id=\"form-field-email\" class=\"elementor-field elementor-size-sm  elementor-field-textual\" placeholder=\"Tu mail\" required=\"required\">\n\t\t\t\t\t\t\t\t\t\t\t<\/div>\n\t\t\t\t\t\t\t\t<div class=\"elementor-field-group elementor-column elementor-field-type-submit elementor-col-100 e-form__buttons\">\n\t\t\t\t\t<button class=\"elementor-button elementor-size-sm\" type=\"submit\">\n\t\t\t\t\t\t<span class=\"elementor-button-content-wrapper\">\n\t\t\t\t\t\t\t\t\t\t\t\t\t\t\t\t\t\t\t\t\t\t<span class=\"elementor-button-text\">Enviar<\/span>\n\t\t\t\t\t\t\t\t\t\t\t\t\t<\/span>\n\t\t\t\t\t<\/button>\n\t\t\t\t<\/div>\n\t\t\t<\/div>\n\t\t<\/form>\n\t\t\t\t\t\t<\/div>\n\t\t\t\t<\/div>\n\t\t\t\t\t<\/div>\n\t\t<\/div>\n\t\t\t\t\t<\/div>\n\t\t<\/footer>\n\t\t\t\t<\/div>\n\t\t","protected":false},"excerpt":{"rendered":"<p>Homenaje a un a\u00f1o del fallecimiento del Papa Francisco La Cooperativa Uni\u00f3n Solidaria de Trabajadores particip\u00f3 junto al intendente de Avellaneda, Jorge Ferraresi, la jefa de gabinete, Magdalena Sierra, miembros del gabinete municipal y autoridades de la iglesia cat\u00f3lica, de una misa para recordar y celebrar el trabajo pastoral del Papa Francisco en el primer [&hellip;]<\/p>\n","protected":false},"author":1,"featured_media":10216,"comment_status":"closed","ping_status":"closed","sticky":false,"template":"","format":"standard","meta":{"site-sidebar-layout":"default","site-content-layout":"","ast-site-content-layout":"default","site-content-style":"default","site-sidebar-style":"default","ast-global-header-display":"","ast-banner-title-visibility":"","ast-main-header-display":"","ast-hfb-above-header-display":"","ast-hfb-below-header-display":"","ast-hfb-mobile-header-display":"","site-post-title":"","ast-breadcrumbs-content":"","ast-featured-img":"","footer-sml-layout":"","ast-disable-related-posts":"","theme-transparent-header-meta":"","adv-header-id-meta":"","stick-header-meta":"","header-above-stick-meta":"","header-main-stick-meta":"","header-below-stick-meta":"","astra-migrate-meta-layouts":"set","ast-page-background-enabled":"default","ast-page-background-meta":{"desktop":{"background-color":"","background-image":"","background-repeat":"repeat","background-position":"center center","background-size":"auto","background-attachment":"scroll","background-type":"","background-media":"","overlay-type":"","overlay-color":"","overlay-opacity":"","overlay-gradient":""},"tablet":{"background-color":"","background-image":"","background-repeat":"repeat","background-position":"center center","background-size":"auto","background-attachment":"scroll","background-type":"","background-media":"","overlay-type":"","overlay-color":"","overlay-opacity":"","overlay-gradient":""},"mobile":{"background-color":"","background-image":"","background-repeat":"repeat","background-position":"center center","background-size":"auto","background-attachment":"scroll","background-type":"","background-media":"","overlay-type":"","overlay-color":"","overlay-opacity":"","overlay-gradient":""}},"ast-content-background-meta":{"desktop":{"background-color":"var(--ast-global-color-5)","background-image":"","background-repeat":"repeat","background-position":"center center","background-size":"auto","background-attachment":"scroll","background-type":"","background-media":"","overlay-type":"","overlay-color":"","overlay-opacity":"","overlay-gradient":""},"tablet":{"background-color":"var(--ast-global-color-5)","background-image":"","background-repeat":"repeat","background-position":"center center","background-size":"auto","background-attachment":"scroll","background-type":"","background-media":"","overlay-type":"","overlay-color":"","overlay-opacity":"","overlay-gradient":""},"mobile":{"background-color":"var(--ast-global-color-5)","background-image":"","background-repeat":"repeat","background-position":"center center","background-size":"auto","background-attachment":"scroll","background-type":"","background-media":"","overlay-type":"","overlay-color":"","overlay-opacity":"","overlay-gradient":""}},"_joinchat":[],"footnotes":""},"categories":[1],"tags":[],"class_list":["post-10215","post","type-post","status-publish","format-standard","has-post-thumbnail","hentry","category-cooperativa-ust"],"yoast_head":"<!-- This site is optimized with the Yoast SEO plugin v27.4 - https:\/\/yoast.com\/product\/yoast-seo-wordpress\/ -->\n<title>Homenaje a un a\u00f1o del fallecimiento del Papa Francisco - Cooperativa UST<\/title>\n<meta name=\"robots\" content=\"index, follow, max-snippet:-1, max-image-preview:large, max-video-preview:-1\" \/>\n<link rel=\"canonical\" href=\"https:\/\/cooperativaust.com.ar\/wp\/homenaje-a-un-ano-del-fallecimiento-del-papa-francisco\/\" \/>\n<meta property=\"og:locale\" content=\"es_ES\" \/>\n<meta property=\"og:type\" content=\"article\" \/>\n<meta property=\"og:title\" content=\"Homenaje a un a\u00f1o del fallecimiento del Papa Francisco - Cooperativa UST\" \/>\n<meta property=\"og:description\" content=\"Homenaje a un a\u00f1o del fallecimiento del Papa Francisco La Cooperativa Uni\u00f3n Solidaria de Trabajadores particip\u00f3 junto al intendente de Avellaneda, Jorge Ferraresi, la jefa de gabinete, Magdalena Sierra, miembros del gabinete municipal y autoridades de la iglesia cat\u00f3lica, de una misa para recordar y celebrar el trabajo pastoral del Papa Francisco en el primer [&hellip;]\" \/>\n<meta property=\"og:url\" content=\"https:\/\/cooperativaust.com.ar\/wp\/homenaje-a-un-ano-del-fallecimiento-del-papa-francisco\/\" \/>\n<meta property=\"og:site_name\" content=\"Cooperativa UST\" \/>\n<meta property=\"article:publisher\" content=\"https:\/\/www.facebook.com\/CoopUST\/\" \/>\n<meta property=\"article:published_time\" content=\"2026-04-21T05:49:19+00:00\" \/>\n<meta property=\"article:modified_time\" content=\"2026-04-26T05:54:27+00:00\" \/>\n<meta property=\"og:image\" content=\"https:\/\/cooperativaust.com.ar\/wp\/wp-content\/uploads\/2026\/04\/678273980_1505414667611263_9012878759350211772_n.jpg\" \/>\n\t<meta property=\"og:image:width\" content=\"1600\" \/>\n\t<meta property=\"og:image:height\" content=\"1065\" \/>\n\t<meta property=\"og:image:type\" content=\"image\/jpeg\" \/>\n<meta name=\"author\" content=\"Administrador\" \/>\n<meta name=\"twitter:card\" content=\"summary_large_image\" \/>\n<meta name=\"twitter:creator\" content=\"@CooperativaUST\" \/>\n<meta name=\"twitter:site\" content=\"@CooperativaUST\" \/>\n<meta name=\"twitter:label1\" content=\"Escrito por\" \/>\n\t<meta name=\"twitter:data1\" content=\"Administrador\" \/>\n\t<meta name=\"twitter:label2\" content=\"Tiempo de lectura\" \/>\n\t<meta name=\"twitter:data2\" content=\"3 minutos\" \/>\n<script type=\"application\/ld+json\" class=\"yoast-schema-graph\">{\"@context\":\"https:\\\/\\\/schema.org\",\"@graph\":[{\"@type\":\"Article\",\"@id\":\"https:\\\/\\\/cooperativaust.com.ar\\\/wp\\\/homenaje-a-un-ano-del-fallecimiento-del-papa-francisco\\\/#article\",\"isPartOf\":{\"@id\":\"https:\\\/\\\/cooperativaust.com.ar\\\/wp\\\/homenaje-a-un-ano-del-fallecimiento-del-papa-francisco\\\/\"},\"author\":{\"name\":\"Administrador\",\"@id\":\"https:\\\/\\\/cooperativaust.com.ar\\\/wp\\\/#\\\/schema\\\/person\\\/b8aeee9bc465c10329a74a615a792fa5\"},\"headline\":\"Homenaje a un a\u00f1o del fallecimiento del Papa Francisco\",\"datePublished\":\"2026-04-21T05:49:19+00:00\",\"dateModified\":\"2026-04-26T05:54:27+00:00\",\"mainEntityOfPage\":{\"@id\":\"https:\\\/\\\/cooperativaust.com.ar\\\/wp\\\/homenaje-a-un-ano-del-fallecimiento-del-papa-francisco\\\/\"},\"wordCount\":447,\"publisher\":{\"@id\":\"https:\\\/\\\/cooperativaust.com.ar\\\/wp\\\/#organization\"},\"image\":{\"@id\":\"https:\\\/\\\/cooperativaust.com.ar\\\/wp\\\/homenaje-a-un-ano-del-fallecimiento-del-papa-francisco\\\/#primaryimage\"},\"thumbnailUrl\":\"https:\\\/\\\/cooperativaust.com.ar\\\/wp\\\/wp-content\\\/uploads\\\/2026\\\/04\\\/678273980_1505414667611263_9012878759350211772_n.jpg\",\"articleSection\":[\"Cooperativa UST\"],\"inLanguage\":\"es\"},{\"@type\":\"WebPage\",\"@id\":\"https:\\\/\\\/cooperativaust.com.ar\\\/wp\\\/homenaje-a-un-ano-del-fallecimiento-del-papa-francisco\\\/\",\"url\":\"https:\\\/\\\/cooperativaust.com.ar\\\/wp\\\/homenaje-a-un-ano-del-fallecimiento-del-papa-francisco\\\/\",\"name\":\"Homenaje a un a\u00f1o del fallecimiento del Papa Francisco - Cooperativa UST\",\"isPartOf\":{\"@id\":\"https:\\\/\\\/cooperativaust.com.ar\\\/wp\\\/#website\"},\"primaryImageOfPage\":{\"@id\":\"https:\\\/\\\/cooperativaust.com.ar\\\/wp\\\/homenaje-a-un-ano-del-fallecimiento-del-papa-francisco\\\/#primaryimage\"},\"image\":{\"@id\":\"https:\\\/\\\/cooperativaust.com.ar\\\/wp\\\/homenaje-a-un-ano-del-fallecimiento-del-papa-francisco\\\/#primaryimage\"},\"thumbnailUrl\":\"https:\\\/\\\/cooperativaust.com.ar\\\/wp\\\/wp-content\\\/uploads\\\/2026\\\/04\\\/678273980_1505414667611263_9012878759350211772_n.jpg\",\"datePublished\":\"2026-04-21T05:49:19+00:00\",\"dateModified\":\"2026-04-26T05:54:27+00:00\",\"breadcrumb\":{\"@id\":\"https:\\\/\\\/cooperativaust.com.ar\\\/wp\\\/homenaje-a-un-ano-del-fallecimiento-del-papa-francisco\\\/#breadcrumb\"},\"inLanguage\":\"es\",\"potentialAction\":[{\"@type\":\"ReadAction\",\"target\":[\"https:\\\/\\\/cooperativaust.com.ar\\\/wp\\\/homenaje-a-un-ano-del-fallecimiento-del-papa-francisco\\\/\"]}]},{\"@type\":\"ImageObject\",\"inLanguage\":\"es\",\"@id\":\"https:\\\/\\\/cooperativaust.com.ar\\\/wp\\\/homenaje-a-un-ano-del-fallecimiento-del-papa-francisco\\\/#primaryimage\",\"url\":\"https:\\\/\\\/cooperativaust.com.ar\\\/wp\\\/wp-content\\\/uploads\\\/2026\\\/04\\\/678273980_1505414667611263_9012878759350211772_n.jpg\",\"contentUrl\":\"https:\\\/\\\/cooperativaust.com.ar\\\/wp\\\/wp-content\\\/uploads\\\/2026\\\/04\\\/678273980_1505414667611263_9012878759350211772_n.jpg\",\"width\":1600,\"height\":1065},{\"@type\":\"BreadcrumbList\",\"@id\":\"https:\\\/\\\/cooperativaust.com.ar\\\/wp\\\/homenaje-a-un-ano-del-fallecimiento-del-papa-francisco\\\/#breadcrumb\",\"itemListElement\":[{\"@type\":\"ListItem\",\"position\":1,\"name\":\"Portada\",\"item\":\"https:\\\/\\\/cooperativaust.com.ar\\\/wp\\\/\"},{\"@type\":\"ListItem\",\"position\":2,\"name\":\"Homenaje a un a\u00f1o del fallecimiento del Papa Francisco\"}]},{\"@type\":\"WebSite\",\"@id\":\"https:\\\/\\\/cooperativaust.com.ar\\\/wp\\\/#website\",\"url\":\"https:\\\/\\\/cooperativaust.com.ar\\\/wp\\\/\",\"name\":\"Cooperativa UST\",\"description\":\"Cooperativa Uni\u00f3n Solidaria de Trabajadores\",\"publisher\":{\"@id\":\"https:\\\/\\\/cooperativaust.com.ar\\\/wp\\\/#organization\"},\"potentialAction\":[{\"@type\":\"SearchAction\",\"target\":{\"@type\":\"EntryPoint\",\"urlTemplate\":\"https:\\\/\\\/cooperativaust.com.ar\\\/wp\\\/?s={search_term_string}\"},\"query-input\":{\"@type\":\"PropertyValueSpecification\",\"valueRequired\":true,\"valueName\":\"search_term_string\"}}],\"inLanguage\":\"es\"},{\"@type\":\"Organization\",\"@id\":\"https:\\\/\\\/cooperativaust.com.ar\\\/wp\\\/#organization\",\"name\":\"Cooperativa UST\",\"url\":\"https:\\\/\\\/cooperativaust.com.ar\\\/wp\\\/\",\"logo\":{\"@type\":\"ImageObject\",\"inLanguage\":\"es\",\"@id\":\"https:\\\/\\\/cooperativaust.com.ar\\\/wp\\\/#\\\/schema\\\/logo\\\/image\\\/\",\"url\":\"https:\\\/\\\/cooperativaust.com.ar\\\/wp\\\/wp-content\\\/uploads\\\/2020\\\/09\\\/Logo-UST.png\",\"contentUrl\":\"https:\\\/\\\/cooperativaust.com.ar\\\/wp\\\/wp-content\\\/uploads\\\/2020\\\/09\\\/Logo-UST.png\",\"width\":720,\"height\":948,\"caption\":\"Cooperativa UST\"},\"image\":{\"@id\":\"https:\\\/\\\/cooperativaust.com.ar\\\/wp\\\/#\\\/schema\\\/logo\\\/image\\\/\"},\"sameAs\":[\"https:\\\/\\\/www.facebook.com\\\/CoopUST\\\/\",\"https:\\\/\\\/x.com\\\/CooperativaUST\",\"https:\\\/\\\/www.instagram.com\\\/cooperativaust\\\/\"]},{\"@type\":\"Person\",\"@id\":\"https:\\\/\\\/cooperativaust.com.ar\\\/wp\\\/#\\\/schema\\\/person\\\/b8aeee9bc465c10329a74a615a792fa5\",\"name\":\"Administrador\",\"sameAs\":[\"https:\\\/\\\/cooperativaust.com.ar\\\/wp\"],\"url\":\"https:\\\/\\\/cooperativaust.com.ar\\\/wp\\\/author\\\/administrador\\\/\"}]}<\/script>\n<!-- \/ Yoast SEO plugin. -->","yoast_head_json":{"title":"Homenaje a un a\u00f1o del fallecimiento del Papa Francisco - Cooperativa UST","robots":{"index":"index","follow":"follow","max-snippet":"max-snippet:-1","max-image-preview":"max-image-preview:large","max-video-preview":"max-video-preview:-1"},"canonical":"https:\/\/cooperativaust.com.ar\/wp\/homenaje-a-un-ano-del-fallecimiento-del-papa-francisco\/","og_locale":"es_ES","og_type":"article","og_title":"Homenaje a un a\u00f1o del fallecimiento del Papa Francisco - Cooperativa UST","og_description":"Homenaje a un a\u00f1o del fallecimiento del Papa Francisco La Cooperativa Uni\u00f3n Solidaria de Trabajadores particip\u00f3 junto al intendente de Avellaneda, Jorge Ferraresi, la jefa de gabinete, Magdalena Sierra, miembros del gabinete municipal y autoridades de la iglesia cat\u00f3lica, de una misa para recordar y celebrar el trabajo pastoral del Papa Francisco en el primer [&hellip;]","og_url":"https:\/\/cooperativaust.com.ar\/wp\/homenaje-a-un-ano-del-fallecimiento-del-papa-francisco\/","og_site_name":"Cooperativa UST","article_publisher":"https:\/\/www.facebook.com\/CoopUST\/","article_published_time":"2026-04-21T05:49:19+00:00","article_modified_time":"2026-04-26T05:54:27+00:00","og_image":[{"width":1600,"height":1065,"url":"https:\/\/cooperativaust.com.ar\/wp\/wp-content\/uploads\/2026\/04\/678273980_1505414667611263_9012878759350211772_n.jpg","type":"image\/jpeg"}],"author":"Administrador","twitter_card":"summary_large_image","twitter_creator":"@CooperativaUST","twitter_site":"@CooperativaUST","twitter_misc":{"Escrito por":"Administrador","Tiempo de lectura":"3 minutos"},"schema":{"@context":"https:\/\/schema.org","@graph":[{"@type":"Article","@id":"https:\/\/cooperativaust.com.ar\/wp\/homenaje-a-un-ano-del-fallecimiento-del-papa-francisco\/#article","isPartOf":{"@id":"https:\/\/cooperativaust.com.ar\/wp\/homenaje-a-un-ano-del-fallecimiento-del-papa-francisco\/"},"author":{"name":"Administrador","@id":"https:\/\/cooperativaust.com.ar\/wp\/#\/schema\/person\/b8aeee9bc465c10329a74a615a792fa5"},"headline":"Homenaje a un a\u00f1o del fallecimiento del Papa Francisco","datePublished":"2026-04-21T05:49:19+00:00","dateModified":"2026-04-26T05:54:27+00:00","mainEntityOfPage":{"@id":"https:\/\/cooperativaust.com.ar\/wp\/homenaje-a-un-ano-del-fallecimiento-del-papa-francisco\/"},"wordCount":447,"publisher":{"@id":"https:\/\/cooperativaust.com.ar\/wp\/#organization"},"image":{"@id":"https:\/\/cooperativaust.com.ar\/wp\/homenaje-a-un-ano-del-fallecimiento-del-papa-francisco\/#primaryimage"},"thumbnailUrl":"https:\/\/cooperativaust.com.ar\/wp\/wp-content\/uploads\/2026\/04\/678273980_1505414667611263_9012878759350211772_n.jpg","articleSection":["Cooperativa UST"],"inLanguage":"es"},{"@type":"WebPage","@id":"https:\/\/cooperativaust.com.ar\/wp\/homenaje-a-un-ano-del-fallecimiento-del-papa-francisco\/","url":"https:\/\/cooperativaust.com.ar\/wp\/homenaje-a-un-ano-del-fallecimiento-del-papa-francisco\/","name":"Homenaje a un a\u00f1o del fallecimiento del Papa Francisco - Cooperativa UST","isPartOf":{"@id":"https:\/\/cooperativaust.com.ar\/wp\/#website"},"primaryImageOfPage":{"@id":"https:\/\/cooperativaust.com.ar\/wp\/homenaje-a-un-ano-del-fallecimiento-del-papa-francisco\/#primaryimage"},"image":{"@id":"https:\/\/cooperativaust.com.ar\/wp\/homenaje-a-un-ano-del-fallecimiento-del-papa-francisco\/#primaryimage"},"thumbnailUrl":"https:\/\/cooperativaust.com.ar\/wp\/wp-content\/uploads\/2026\/04\/678273980_1505414667611263_9012878759350211772_n.jpg","datePublished":"2026-04-21T05:49:19+00:00","dateModified":"2026-04-26T05:54:27+00:00","breadcrumb":{"@id":"https:\/\/cooperativaust.com.ar\/wp\/homenaje-a-un-ano-del-fallecimiento-del-papa-francisco\/#breadcrumb"},"inLanguage":"es","potentialAction":[{"@type":"ReadAction","target":["https:\/\/cooperativaust.com.ar\/wp\/homenaje-a-un-ano-del-fallecimiento-del-papa-francisco\/"]}]},{"@type":"ImageObject","inLanguage":"es","@id":"https:\/\/cooperativaust.com.ar\/wp\/homenaje-a-un-ano-del-fallecimiento-del-papa-francisco\/#primaryimage","url":"https:\/\/cooperativaust.com.ar\/wp\/wp-content\/uploads\/2026\/04\/678273980_1505414667611263_9012878759350211772_n.jpg","contentUrl":"https:\/\/cooperativaust.com.ar\/wp\/wp-content\/uploads\/2026\/04\/678273980_1505414667611263_9012878759350211772_n.jpg","width":1600,"height":1065},{"@type":"BreadcrumbList","@id":"https:\/\/cooperativaust.com.ar\/wp\/homenaje-a-un-ano-del-fallecimiento-del-papa-francisco\/#breadcrumb","itemListElement":[{"@type":"ListItem","position":1,"name":"Portada","item":"https:\/\/cooperativaust.com.ar\/wp\/"},{"@type":"ListItem","position":2,"name":"Homenaje a un a\u00f1o del fallecimiento del Papa Francisco"}]},{"@type":"WebSite","@id":"https:\/\/cooperativaust.com.ar\/wp\/#website","url":"https:\/\/cooperativaust.com.ar\/wp\/","name":"Cooperativa UST","description":"Cooperativa Uni\u00f3n Solidaria de Trabajadores","publisher":{"@id":"https:\/\/cooperativaust.com.ar\/wp\/#organization"},"potentialAction":[{"@type":"SearchAction","target":{"@type":"EntryPoint","urlTemplate":"https:\/\/cooperativaust.com.ar\/wp\/?s={search_term_string}"},"query-input":{"@type":"PropertyValueSpecification","valueRequired":true,"valueName":"search_term_string"}}],"inLanguage":"es"},{"@type":"Organization","@id":"https:\/\/cooperativaust.com.ar\/wp\/#organization","name":"Cooperativa UST","url":"https:\/\/cooperativaust.com.ar\/wp\/","logo":{"@type":"ImageObject","inLanguage":"es","@id":"https:\/\/cooperativaust.com.ar\/wp\/#\/schema\/logo\/image\/","url":"https:\/\/cooperativaust.com.ar\/wp\/wp-content\/uploads\/2020\/09\/Logo-UST.png","contentUrl":"https:\/\/cooperativaust.com.ar\/wp\/wp-content\/uploads\/2020\/09\/Logo-UST.png","width":720,"height":948,"caption":"Cooperativa UST"},"image":{"@id":"https:\/\/cooperativaust.com.ar\/wp\/#\/schema\/logo\/image\/"},"sameAs":["https:\/\/www.facebook.com\/CoopUST\/","https:\/\/x.com\/CooperativaUST","https:\/\/www.instagram.com\/cooperativaust\/"]},{"@type":"Person","@id":"https:\/\/cooperativaust.com.ar\/wp\/#\/schema\/person\/b8aeee9bc465c10329a74a615a792fa5","name":"Administrador","sameAs":["https:\/\/cooperativaust.com.ar\/wp"],"url":"https:\/\/cooperativaust.com.ar\/wp\/author\/administrador\/"}]}},"_links":{"self":[{"href":"https:\/\/cooperativaust.com.ar\/wp\/wp-json\/wp\/v2\/posts\/10215","targetHints":{"allow":["GET"]}}],"collection":[{"href":"https:\/\/cooperativaust.com.ar\/wp\/wp-json\/wp\/v2\/posts"}],"about":[{"href":"https:\/\/cooperativaust.com.ar\/wp\/wp-json\/wp\/v2\/types\/post"}],"author":[{"embeddable":true,"href":"https:\/\/cooperativaust.com.ar\/wp\/wp-json\/wp\/v2\/users\/1"}],"replies":[{"embeddable":true,"href":"https:\/\/cooperativaust.com.ar\/wp\/wp-json\/wp\/v2\/comments?post=10215"}],"version-history":[{"count":4,"href":"https:\/\/cooperativaust.com.ar\/wp\/wp-json\/wp\/v2\/posts\/10215\/revisions"}],"predecessor-version":[{"id":10224,"href":"https:\/\/cooperativaust.com.ar\/wp\/wp-json\/wp\/v2\/posts\/10215\/revisions\/10224"}],"wp:featuredmedia":[{"embeddable":true,"href":"https:\/\/cooperativaust.com.ar\/wp\/wp-json\/wp\/v2\/media\/10216"}],"wp:attachment":[{"href":"https:\/\/cooperativaust.com.ar\/wp\/wp-json\/wp\/v2\/media?parent=10215"}],"wp:term":[{"taxonomy":"category","embeddable":true,"href":"https:\/\/cooperativaust.com.ar\/wp\/wp-json\/wp\/v2\/categories?post=10215"},{"taxonomy":"post_tag","embeddable":true,"href":"https:\/\/cooperativaust.com.ar\/wp\/wp-json\/wp\/v2\/tags?post=10215"}],"curies":[{"name":"wp","href":"https:\/\/api.w.org\/{rel}","templated":true}]}}