{"id":1008,"date":"2020-05-05T12:21:46","date_gmt":"2020-05-05T15:21:46","guid":{"rendered":"https:\/\/cooperativaust.com.ar\/wp\/?p=1008"},"modified":"2020-11-13T16:06:24","modified_gmt":"2020-11-13T19:06:24","slug":"semillero-de-la-ust-capitulo-6-alan-ledesma","status":"publish","type":"post","link":"https:\/\/cooperativaust.com.ar\/wp\/semillero-de-la-ust-capitulo-6-alan-ledesma\/","title":{"rendered":"Semillero de la UST Capitulo 6: Alan Ledesma"},"content":{"rendered":"\t\t<div data-elementor-type=\"wp-post\" data-elementor-id=\"1008\" class=\"elementor elementor-1008\" data-elementor-post-type=\"post\">\n\t\t\t\t\t\t<section class=\"elementor-section elementor-top-section elementor-element elementor-element-6571bd28 elementor-section-stretched elementor-section-content-top elementor-section-boxed elementor-section-height-default elementor-section-height-default\" data-id=\"6571bd28\" data-element_type=\"section\" data-e-type=\"section\" data-settings=\"{&quot;stretch_section&quot;:&quot;section-stretched&quot;}\">\n\t\t\t\t\t\t\t<div class=\"elementor-background-overlay\"><\/div>\n\t\t\t\t\t\t\t<div class=\"elementor-container elementor-column-gap-default\">\n\t\t\t\t\t<div class=\"elementor-column elementor-col-100 elementor-top-column elementor-element elementor-element-e1fb257\" data-id=\"e1fb257\" data-element_type=\"column\" data-e-type=\"column\">\n\t\t\t<div class=\"elementor-widget-wrap elementor-element-populated\">\n\t\t\t\t\t\t<div class=\"elementor-element elementor-element-3c9870cf elementor-widget elementor-widget-image\" data-id=\"3c9870cf\" data-element_type=\"widget\" data-e-type=\"widget\" data-widget_type=\"image.default\">\n\t\t\t\t<div class=\"elementor-widget-container\">\n\t\t\t\t\t\t\t\t\t\t\t\t\t\t\t\t<a href=\"https:\/\/cooperativaust.com.ar\">\n\t\t\t\t\t\t\t<img decoding=\"async\" src=\"https:\/\/cooperativaust.com.ar\/wp\/wp-content\/uploads\/elementor\/thumbs\/marca-completa-copy-oxfp63al7ej5jpag0yfzr9f1dovpkc6e5kttdjpea8.png\" title=\"marca-completa copy\" alt=\"marca-completa copy\" loading=\"lazy\" \/>\t\t\t\t\t\t\t\t<\/a>\n\t\t\t\t\t\t\t\t\t\t\t\t\t\t\t<\/div>\n\t\t\t\t<\/div>\n\t\t\t\t\t<\/div>\n\t\t<\/div>\n\t\t\t\t\t<\/div>\n\t\t<\/section>\n\t\t\t\t<section class=\"elementor-section elementor-top-section elementor-element elementor-element-269f5c1 elementor-section-boxed elementor-section-height-default elementor-section-height-default\" data-id=\"269f5c1\" data-element_type=\"section\" data-e-type=\"section\">\n\t\t\t\t\t\t<div class=\"elementor-container elementor-column-gap-default\">\n\t\t\t\t\t<div class=\"elementor-column elementor-col-50 elementor-top-column elementor-element elementor-element-ee0b8ea\" data-id=\"ee0b8ea\" data-element_type=\"column\" data-e-type=\"column\">\n\t\t\t<div class=\"elementor-widget-wrap elementor-element-populated\">\n\t\t\t\t\t\t<div class=\"elementor-element elementor-element-1b1f41a elementor-nav-menu__align-justify elementor-widget__width-initial elementor-nav-menu__text-align-center elementor-nav-menu--dropdown-tablet elementor-nav-menu--toggle elementor-nav-menu--burger elementor-invisible elementor-widget elementor-widget-nav-menu\" data-id=\"1b1f41a\" data-element_type=\"widget\" data-e-type=\"widget\" data-settings=\"{&quot;_animation&quot;:&quot;fadeIn&quot;,&quot;layout&quot;:&quot;horizontal&quot;,&quot;submenu_icon&quot;:{&quot;value&quot;:&quot;&lt;i class=\\&quot;fas fa-caret-down\\&quot; aria-hidden=\\&quot;true\\&quot;&gt;&lt;\\\/i&gt;&quot;,&quot;library&quot;:&quot;fa-solid&quot;},&quot;toggle&quot;:&quot;burger&quot;}\" data-widget_type=\"nav-menu.default\">\n\t\t\t\t<div class=\"elementor-widget-container\">\n\t\t\t\t\t\t\t\t<nav aria-label=\"Men\u00fa\" class=\"elementor-nav-menu--main elementor-nav-menu__container elementor-nav-menu--layout-horizontal e--pointer-underline e--animation-fade\">\n\t\t\t\t<ul id=\"menu-1-1b1f41a\" class=\"elementor-nav-menu\"><li class=\"menu-item menu-item-type-post_type menu-item-object-page menu-item-354\"><a href=\"https:\/\/cooperativaust.com.ar\/wp\/institucional\/\" class=\"elementor-item menu-link\">INSTITUCIONAL<\/a><\/li>\n<li class=\"menu-item menu-item-type-post_type menu-item-object-page menu-item-359\"><a href=\"https:\/\/cooperativaust.com.ar\/wp\/cooperativa-ust\/\" class=\"elementor-item menu-link\">Cooperativa UST<\/a><\/li>\n<li class=\"menu-item menu-item-type-post_type menu-item-object-page menu-item-358\"><a href=\"https:\/\/cooperativaust.com.ar\/wp\/polideportivo-ust\/\" class=\"elementor-item menu-link\">Polideportivo UST<\/a><\/li>\n<li class=\"menu-item menu-item-type-post_type menu-item-object-page menu-item-355\"><a href=\"https:\/\/cooperativaust.com.ar\/wp\/agroecologico\/\" class=\"elementor-item menu-link\">Agroecol\u00f3gico<\/a><\/li>\n<li class=\"menu-item menu-item-type-post_type menu-item-object-page menu-item-356\"><a href=\"https:\/\/cooperativaust.com.ar\/wp\/bachi-arbolito\/\" class=\"elementor-item menu-link\">Bachi Arbolito<\/a><\/li>\n<li class=\"menu-item menu-item-type-post_type menu-item-object-page menu-item-357\"><a href=\"https:\/\/cooperativaust.com.ar\/wp\/la-comunidad\/\" class=\"elementor-item menu-link\">La comunidad<\/a><\/li>\n<li class=\"menu-item menu-item-type-post_type menu-item-object-page menu-item-has-children menu-item-353\"><a aria-expanded=\"false\" href=\"https:\/\/cooperativaust.com.ar\/wp\/comunicacion\/\" class=\"elementor-item menu-link\">Comunicaci\u00f3n<\/a>\n<ul class=\"sub-menu elementor-nav-menu--dropdown\">\n\t<li class=\"menu-item menu-item-type-post_type menu-item-object-page menu-item-7903\"><a href=\"https:\/\/cooperativaust.com.ar\/wp\/periodico-pluma\/\" class=\"elementor-sub-item menu-link\">Peri\u00f3dico Pluma<\/a><\/li>\n<\/ul>\n<\/li>\n<li class=\"menu-item menu-item-type-post_type menu-item-object-page menu-item-8225\"><a href=\"https:\/\/cooperativaust.com.ar\/wp\/turismo-rural-y-comunitario-ust\/\" class=\"elementor-item menu-link\">Turismo rural y comunitario UST<\/a><\/li>\n<\/ul>\t\t\t<\/nav>\n\t\t\t\t\t<div class=\"elementor-menu-toggle\" role=\"button\" tabindex=\"0\" aria-label=\"Alternar men\u00fa\" aria-expanded=\"false\">\n\t\t\t<i aria-hidden=\"true\" role=\"presentation\" class=\"elementor-menu-toggle__icon--open eicon-menu-bar\"><\/i><i aria-hidden=\"true\" role=\"presentation\" class=\"elementor-menu-toggle__icon--close eicon-close\"><\/i>\t\t<\/div>\n\t\t\t\t\t<nav class=\"elementor-nav-menu--dropdown elementor-nav-menu__container\" aria-hidden=\"true\">\n\t\t\t\t<ul id=\"menu-2-1b1f41a\" class=\"elementor-nav-menu\"><li class=\"menu-item menu-item-type-post_type menu-item-object-page menu-item-354\"><a href=\"https:\/\/cooperativaust.com.ar\/wp\/institucional\/\" class=\"elementor-item menu-link\" tabindex=\"-1\">INSTITUCIONAL<\/a><\/li>\n<li class=\"menu-item menu-item-type-post_type menu-item-object-page menu-item-359\"><a href=\"https:\/\/cooperativaust.com.ar\/wp\/cooperativa-ust\/\" class=\"elementor-item menu-link\" tabindex=\"-1\">Cooperativa UST<\/a><\/li>\n<li class=\"menu-item menu-item-type-post_type menu-item-object-page menu-item-358\"><a href=\"https:\/\/cooperativaust.com.ar\/wp\/polideportivo-ust\/\" class=\"elementor-item menu-link\" tabindex=\"-1\">Polideportivo UST<\/a><\/li>\n<li class=\"menu-item menu-item-type-post_type menu-item-object-page menu-item-355\"><a href=\"https:\/\/cooperativaust.com.ar\/wp\/agroecologico\/\" class=\"elementor-item menu-link\" tabindex=\"-1\">Agroecol\u00f3gico<\/a><\/li>\n<li class=\"menu-item menu-item-type-post_type menu-item-object-page menu-item-356\"><a href=\"https:\/\/cooperativaust.com.ar\/wp\/bachi-arbolito\/\" class=\"elementor-item menu-link\" tabindex=\"-1\">Bachi Arbolito<\/a><\/li>\n<li class=\"menu-item menu-item-type-post_type menu-item-object-page menu-item-357\"><a href=\"https:\/\/cooperativaust.com.ar\/wp\/la-comunidad\/\" class=\"elementor-item menu-link\" tabindex=\"-1\">La comunidad<\/a><\/li>\n<li class=\"menu-item menu-item-type-post_type menu-item-object-page menu-item-has-children menu-item-353\"><a aria-expanded=\"false\" href=\"https:\/\/cooperativaust.com.ar\/wp\/comunicacion\/\" class=\"elementor-item menu-link\" tabindex=\"-1\">Comunicaci\u00f3n<\/a>\n<ul class=\"sub-menu elementor-nav-menu--dropdown\">\n\t<li class=\"menu-item menu-item-type-post_type menu-item-object-page menu-item-7903\"><a href=\"https:\/\/cooperativaust.com.ar\/wp\/periodico-pluma\/\" class=\"elementor-sub-item menu-link\" tabindex=\"-1\">Peri\u00f3dico Pluma<\/a><\/li>\n<\/ul>\n<\/li>\n<li class=\"menu-item menu-item-type-post_type menu-item-object-page menu-item-8225\"><a href=\"https:\/\/cooperativaust.com.ar\/wp\/turismo-rural-y-comunitario-ust\/\" class=\"elementor-item menu-link\" tabindex=\"-1\">Turismo rural y comunitario UST<\/a><\/li>\n<\/ul>\t\t\t<\/nav>\n\t\t\t\t\t\t<\/div>\n\t\t\t\t<\/div>\n\t\t\t\t\t<\/div>\n\t\t<\/div>\n\t\t\t\t<div class=\"elementor-column elementor-col-50 elementor-top-column elementor-element elementor-element-141c27c\" data-id=\"141c27c\" data-element_type=\"column\" data-e-type=\"column\">\n\t\t\t<div class=\"elementor-widget-wrap elementor-element-populated\">\n\t\t\t\t\t\t<div class=\"elementor-element elementor-element-23f4b85 elementor-search-form--skin-full_screen elementor-widget elementor-widget-search-form\" data-id=\"23f4b85\" data-element_type=\"widget\" data-e-type=\"widget\" data-settings=\"{&quot;skin&quot;:&quot;full_screen&quot;}\" data-widget_type=\"search-form.default\">\n\t\t\t\t<div class=\"elementor-widget-container\">\n\t\t\t\t\t\t\t<search role=\"search\">\n\t\t\t<form class=\"elementor-search-form\" action=\"https:\/\/cooperativaust.com.ar\/wp\" method=\"get\">\n\t\t\t\t\t\t\t\t\t\t\t\t<div class=\"elementor-search-form__toggle\" role=\"button\" tabindex=\"0\" aria-label=\"Buscar\">\n\t\t\t\t\t<i aria-hidden=\"true\" class=\"fas fa-search\"><\/i>\t\t\t\t<\/div>\n\t\t\t\t\t\t\t\t<div class=\"elementor-search-form__container\">\n\t\t\t\t\t<label class=\"elementor-screen-only\" for=\"elementor-search-form-23f4b85\">Buscar<\/label>\n\n\t\t\t\t\t\n\t\t\t\t\t<input id=\"elementor-search-form-23f4b85\" placeholder=\"Buscar\" class=\"elementor-search-form__input\" type=\"search\" name=\"s\" value=\"\">\n\t\t\t\t\t\n\t\t\t\t\t\n\t\t\t\t\t\t\t\t\t\t<div class=\"dialog-lightbox-close-button dialog-close-button\" role=\"button\" tabindex=\"0\" aria-label=\"Cerrar este cuadro de b\u00fasqueda.\">\n\t\t\t\t\t\t<i aria-hidden=\"true\" class=\"eicon-close\"><\/i>\t\t\t\t\t<\/div>\n\t\t\t\t\t\t\t\t\t<\/div>\n\t\t\t<\/form>\n\t\t<\/search>\n\t\t\t\t\t\t<\/div>\n\t\t\t\t<\/div>\n\t\t\t\t\t<\/div>\n\t\t<\/div>\n\t\t\t\t\t<\/div>\n\t\t<\/section>\n\t\t\t\t<section class=\"elementor-section elementor-top-section elementor-element elementor-element-14e81758 elementor-section-boxed elementor-section-height-default elementor-section-height-default\" data-id=\"14e81758\" data-element_type=\"section\" data-e-type=\"section\">\n\t\t\t\t\t\t<div class=\"elementor-container elementor-column-gap-default\">\n\t\t\t\t\t<div class=\"elementor-column elementor-col-100 elementor-top-column elementor-element elementor-element-450c3b55\" data-id=\"450c3b55\" data-element_type=\"column\" data-e-type=\"column\">\n\t\t\t<div class=\"elementor-widget-wrap elementor-element-populated\">\n\t\t\t\t\t\t<div class=\"elementor-element elementor-element-be05505 elementor-widget elementor-widget-video\" data-id=\"be05505\" data-element_type=\"widget\" data-e-type=\"widget\" data-settings=\"{&quot;youtube_url&quot;:&quot;https:\\\/\\\/www.youtube.com\\\/watch?v=TbC_hC40b8c&amp;list=PLHzsPIqpVNzIkj_sZAvFMW5y_E09PJAsb&amp;index=7&amp;t=9s&quot;,&quot;video_type&quot;:&quot;youtube&quot;,&quot;controls&quot;:&quot;yes&quot;}\" data-widget_type=\"video.default\">\n\t\t\t\t<div class=\"elementor-widget-container\">\n\t\t\t\t\t\t\t<div class=\"elementor-wrapper elementor-open-inline\">\n\t\t\t<div class=\"elementor-video\"><\/div>\t\t<\/div>\n\t\t\t\t\t\t<\/div>\n\t\t\t\t<\/div>\n\t\t\t\t\t<\/div>\n\t\t<\/div>\n\t\t\t\t\t<\/div>\n\t\t<\/section>\n\t\t\t\t<section class=\"elementor-section elementor-top-section elementor-element elementor-element-1d216ae2 elementor-section-boxed elementor-section-height-default elementor-section-height-default\" data-id=\"1d216ae2\" data-element_type=\"section\" data-e-type=\"section\" data-settings=\"{&quot;background_background&quot;:&quot;classic&quot;}\">\n\t\t\t\t\t\t<div class=\"elementor-container elementor-column-gap-default\">\n\t\t\t\t\t<div class=\"elementor-column elementor-col-100 elementor-top-column elementor-element elementor-element-59c4197e\" data-id=\"59c4197e\" data-element_type=\"column\" data-e-type=\"column\">\n\t\t\t<div class=\"elementor-widget-wrap elementor-element-populated\">\n\t\t\t\t\t\t<div class=\"elementor-element elementor-element-7081235c elementor-widget elementor-widget-heading\" data-id=\"7081235c\" data-element_type=\"widget\" data-e-type=\"widget\" data-widget_type=\"heading.default\">\n\t\t\t\t<div class=\"elementor-widget-container\">\n\t\t\t\t\t<h2 class=\"elementor-heading-title elementor-size-default\">Semillero de la UST Capitulo 6: Alan Ledesma<\/h2>\t\t\t\t<\/div>\n\t\t\t\t<\/div>\n\t\t\t\t\t<\/div>\n\t\t<\/div>\n\t\t\t\t\t<\/div>\n\t\t<\/section>\n\t\t\t\t<section class=\"elementor-section elementor-top-section elementor-element elementor-element-9a3d0ba elementor-section-boxed elementor-section-height-default elementor-section-height-default\" data-id=\"9a3d0ba\" data-element_type=\"section\" data-e-type=\"section\">\n\t\t\t\t\t\t<div class=\"elementor-container elementor-column-gap-default\">\n\t\t\t\t\t<div class=\"elementor-column elementor-col-100 elementor-top-column elementor-element elementor-element-a82cb1d\" data-id=\"a82cb1d\" data-element_type=\"column\" data-e-type=\"column\">\n\t\t\t<div class=\"elementor-widget-wrap elementor-element-populated\">\n\t\t\t\t\t\t<div class=\"elementor-element elementor-element-5f266ad elementor-widget-divider--view-line elementor-widget elementor-widget-divider\" data-id=\"5f266ad\" data-element_type=\"widget\" data-e-type=\"widget\" data-widget_type=\"divider.default\">\n\t\t\t\t<div class=\"elementor-widget-container\">\n\t\t\t\t\t\t\t<div class=\"elementor-divider\">\n\t\t\t<span class=\"elementor-divider-separator\">\n\t\t\t\t\t\t<\/span>\n\t\t<\/div>\n\t\t\t\t\t\t<\/div>\n\t\t\t\t<\/div>\n\t\t\t\t\t<\/div>\n\t\t<\/div>\n\t\t\t\t\t<\/div>\n\t\t<\/section>\n\t\t\t\t<section class=\"elementor-section elementor-top-section elementor-element elementor-element-d7b04d5 elementor-section-boxed elementor-section-height-default elementor-section-height-default\" data-id=\"d7b04d5\" data-element_type=\"section\" data-e-type=\"section\">\n\t\t\t\t\t\t<div class=\"elementor-container elementor-column-gap-default\">\n\t\t\t\t\t<div class=\"elementor-column elementor-col-33 elementor-top-column elementor-element elementor-element-705234f1\" data-id=\"705234f1\" data-element_type=\"column\" data-e-type=\"column\">\n\t\t\t<div class=\"elementor-widget-wrap elementor-element-populated\">\n\t\t\t\t\t\t<div class=\"elementor-element elementor-element-b777120 elementor-widget elementor-widget-heading\" data-id=\"b777120\" data-element_type=\"widget\" data-e-type=\"widget\" data-widget_type=\"heading.default\">\n\t\t\t\t<div class=\"elementor-widget-container\">\n\t\t\t\t\t<h2 class=\"elementor-heading-title elementor-size-default\">Los j\u00f3venes de la Cooperativa te cuentan de su vida, como llegaron y que quieren para el futuro suyo y de los compa\u00f1eros que integran la UST<\/h2>\t\t\t\t<\/div>\n\t\t\t\t<\/div>\n\t\t\t\t<div class=\"elementor-element elementor-element-d9b8a83 elementor-share-buttons--color-custom elementor-share-buttons--view-icon elementor-share-buttons--shape-circle elementor-share-buttons--skin-gradient elementor-grid-0 elementor-widget elementor-widget-share-buttons\" data-id=\"d9b8a83\" data-element_type=\"widget\" data-e-type=\"widget\" data-widget_type=\"share-buttons.default\">\n\t\t\t\t<div class=\"elementor-widget-container\">\n\t\t\t\t\t\t\t<div class=\"elementor-grid\" role=\"list\">\n\t\t\t\t\t\t\t\t<div class=\"elementor-grid-item\" role=\"listitem\">\n\t\t\t\t\t\t<div class=\"elementor-share-btn elementor-share-btn_facebook\" role=\"button\" tabindex=\"0\" aria-label=\"Compartir en facebook\">\n\t\t\t\t\t\t\t\t\t\t\t\t\t\t\t<span class=\"elementor-share-btn__icon\">\n\t\t\t\t\t\t\t\t<i class=\"fab fa-facebook\" aria-hidden=\"true\"><\/i>\t\t\t\t\t\t\t<\/span>\n\t\t\t\t\t\t\t\t\t\t\t\t\t\t\t\t\t\t\t\t<\/div>\n\t\t\t\t\t<\/div>\n\t\t\t\t\t\t\t\t\t<div class=\"elementor-grid-item\" role=\"listitem\">\n\t\t\t\t\t\t<div class=\"elementor-share-btn elementor-share-btn_twitter\" role=\"button\" tabindex=\"0\" aria-label=\"Compartir en twitter\">\n\t\t\t\t\t\t\t\t\t\t\t\t\t\t\t<span class=\"elementor-share-btn__icon\">\n\t\t\t\t\t\t\t\t<i class=\"fab fa-twitter\" aria-hidden=\"true\"><\/i>\t\t\t\t\t\t\t<\/span>\n\t\t\t\t\t\t\t\t\t\t\t\t\t\t\t\t\t\t\t\t<\/div>\n\t\t\t\t\t<\/div>\n\t\t\t\t\t\t\t\t\t<div class=\"elementor-grid-item\" role=\"listitem\">\n\t\t\t\t\t\t<div class=\"elementor-share-btn elementor-share-btn_whatsapp\" role=\"button\" tabindex=\"0\" aria-label=\"Compartir en whatsapp\">\n\t\t\t\t\t\t\t\t\t\t\t\t\t\t\t<span class=\"elementor-share-btn__icon\">\n\t\t\t\t\t\t\t\t<i class=\"fab fa-whatsapp\" aria-hidden=\"true\"><\/i>\t\t\t\t\t\t\t<\/span>\n\t\t\t\t\t\t\t\t\t\t\t\t\t\t\t\t\t\t\t\t<\/div>\n\t\t\t\t\t<\/div>\n\t\t\t\t\t\t\t\t\t<div class=\"elementor-grid-item\" role=\"listitem\">\n\t\t\t\t\t\t<div class=\"elementor-share-btn elementor-share-btn_email\" role=\"button\" tabindex=\"0\" aria-label=\"Compartir en email\">\n\t\t\t\t\t\t\t\t\t\t\t\t\t\t\t<span class=\"elementor-share-btn__icon\">\n\t\t\t\t\t\t\t\t<i class=\"fas fa-envelope\" aria-hidden=\"true\"><\/i>\t\t\t\t\t\t\t<\/span>\n\t\t\t\t\t\t\t\t\t\t\t\t\t\t\t\t\t\t\t\t<\/div>\n\t\t\t\t\t<\/div>\n\t\t\t\t\t\t\t\t\t<div class=\"elementor-grid-item\" role=\"listitem\">\n\t\t\t\t\t\t<div class=\"elementor-share-btn elementor-share-btn_telegram\" role=\"button\" tabindex=\"0\" aria-label=\"Compartir en telegram\">\n\t\t\t\t\t\t\t\t\t\t\t\t\t\t\t<span class=\"elementor-share-btn__icon\">\n\t\t\t\t\t\t\t\t<i class=\"fab fa-telegram\" aria-hidden=\"true\"><\/i>\t\t\t\t\t\t\t<\/span>\n\t\t\t\t\t\t\t\t\t\t\t\t\t\t\t\t\t\t\t\t<\/div>\n\t\t\t\t\t<\/div>\n\t\t\t\t\t\t<\/div>\n\t\t\t\t\t\t<\/div>\n\t\t\t\t<\/div>\n\t\t\t\t\t<\/div>\n\t\t<\/div>\n\t\t\t\t<div class=\"elementor-column elementor-col-66 elementor-top-column elementor-element elementor-element-7865093e\" data-id=\"7865093e\" data-element_type=\"column\" data-e-type=\"column\">\n\t\t\t<div class=\"elementor-widget-wrap elementor-element-populated\">\n\t\t\t\t\t\t<div class=\"elementor-element elementor-element-6c7d4d3e elementor-widget elementor-widget-text-editor\" data-id=\"6c7d4d3e\" data-element_type=\"widget\" data-e-type=\"widget\" data-widget_type=\"text-editor.default\">\n\t\t\t\t<div class=\"elementor-widget-container\">\n\t\t\t\t\t\t\t\t\t<p class=\"p1\">La entrega n\u00ba 6 del semillero trae a Alan Ledesma, del sector de mantenimiento de espacios verdes, quien cuenta su participaci\u00f3n en la UST desde hace muchos a\u00f1os, el recuerdo de la recuperaci\u00f3n de la fuente de trabajo y las diferencias que encontr\u00f3 en este lugar con respecto a una empresa, entre otros temas.<\/p>\n<p class=\"p1\"><span style=\"font-size: 18px; color: var( --e-global-color-text );\">-Bueno yo ingres\u00e9 a la cooperativa hace aproximadamente 6 a\u00f1os, haciendo una pasant\u00eda de 3 meses para cubrir a los compa\u00f1eros que se iban de vacaciones. Despu\u00e9s tuve otra experiencia laboral y volv\u00ed a ingresar a la cooperativa como aspirante a socio hace aproximadamente un a\u00f1o.<\/span><br><\/p>\n<p class=\"p3\"><span class=\"s3\">-En realidad siempre supe de la cooperativa porque mi viejo, Diego -Ledesma-, y Alberto -\u00abTucu\u00bb Ledesma- que son socios fundadores, siempre estuvieron cada vez que hab\u00eda alguna inauguraci\u00f3n o se hac\u00eda alguna actividad dentro de la organizaci\u00f3n, siempre estaba presente, as\u00ed que en ese sentido siempre supe de la cooperativa, siempre supe de lo que hicieron, desde chiquito. Es m\u00e1s, cuando pelearon el laburo tengo algunos recuerdos que no me los saco m\u00e1s de la mente.&nbsp;<\/span><\/p>\n<p class=\"p3\"><span class=\"s3\">-Actualmente estoy en el Polideportivo UST, soy profesor de la categor\u00eda 2008, de f\u00fatbol, y tambi\u00e9n tengo im\u00e1genes de cuando se inaugur\u00f3 el polideportivo que fui jugador de la categor\u00eda 1997. Son recuerdos muy lindos que tengo de la infancia.<\/span><\/p>\n<p class=\"p3\"><span class=\"s3\">-Yo cuando ingres\u00e9 a la cooperativa estuve en el sector del agroecol\u00f3gico, aprendiendo mucho de lo que es el cuidado ambiental, de todo lo que es huerta. \u00daltimamente la inauguraci\u00f3n del hostel. En ese sector se aprende mucho lo que es la disputa de las tierras, de la conservaci\u00f3n de la naturaleza y dem\u00e1s. Actualmente estoy trabajando en el sector del mantenimiento de espacios verdes, que ser\u00eda el corte de pasto.<\/span><\/p>\n<p class=\"p3\"><span class=\"s3\">-En cuanto a los objetivos de la cooperativa fui descubriendo que hay una manera diferente de organizaci\u00f3n del trabajo. Se puede trabajar sin patrones ni due\u00f1os. Hay una cuesti\u00f3n de mucho compa\u00f1erismo, mucha solidaridad, cosa que por ah\u00ed en otras empresas no se puede ver porque cada uno hace la suya. Hay mucha individualidad, mucha rivalidad y la verdad es que en este \u00e1mbito laboral, que es el cooperativismo, todos se ayudan entre todos y est\u00e1 muy bueno. Eso me llena de satisfacci\u00f3n porque saber que es un granito de arena en un arenal. Es un modo diferente de trabajo, \u00bfno?.Yo anteriormente he trabajado en otro lugar y es totalmente diferente a lo que hoy en d\u00eda estoy viviendo ac\u00e1 en la cooperativa.<\/span><\/p>\n<p class=\"p3\"><span class=\"s3\">-La integraci\u00f3n de la UST y la comunidad es muy importante debido a que contiene a muchos pibes y pibas, que son alrededor de 300 hoy en d\u00eda. Gracias al polideportivo, al bachillerato de adultos, que fue construido por los trabajadores, hoy en d\u00eda tenemos alrededor de 300 chicos y chicas metidos adentro del club y no est\u00e1n en la calle. Est\u00e1n haciendo un deporte distra\u00eddos que es algo muy importante para que ellos no agarren la calle, ni empiecen a delinquir o agarren las drogas. La verdad es que la calle est\u00e1 muy complicada y no queremos eso para los pibes del barrio.<\/span><\/p>\n<p class=\"p3\"><span class=\"s3\">-En la UST se aprende todos los d\u00edas. Se aprende a ser m\u00e1s compa\u00f1ero, m\u00e1s solidario. A tener un poco de empat\u00eda, de ponerse en el lugar del otro, de entender los problemas. Todos tenemos problemas, pero hay que saber entender, llegar a fondo de la situaci\u00f3n que est\u00e1 viviendo cada compa\u00f1ero y no mandarlo al muere. Hay que tener un poco m\u00e1s de empat\u00eda y eso lo voy aprendiendo todos los d\u00edas.<\/span><\/p>\n<p class=\"p3\"><span class=\"s3\">-Creo que los cursos de formaci\u00f3n son muy importantes debido a que hay compa\u00f1eros que por ah\u00ed no conocen la historia de la cooperativa, no saben c\u00f3mo surgi\u00f3. Por ah\u00ed hay compa\u00f1eros que no conocen a los socios fundadores. Tiene mucho que ver el curso con lo vinculado a la econom\u00eda social que por ah\u00ed hay compa\u00f1eros que no tienen conocimiento de eso cuando ingresan a la cooperativa. Es muy importante para que todos estemos informados de d\u00f3nde estamos trabajando.<\/span><\/p>\n<p class=\"p3\"><span class=\"s3\">-El deseo personal que tengo yo es poder recibirme de la carrera que estoy estudiando en la universidad, que es la Licenciatura en Administraci\u00f3n, para poder volcarlo a la organizaci\u00f3n y colectivo a la vez.&nbsp;<\/span><\/p>\n<p class=\"p3\"><span class=\"s3\">-Con respecto a la asamblea me parece que es fundamental dentro de la cooperativa porque si bien no hay patrones ni due\u00f1os, todos debemos decidir qu\u00e9 es lo que queremos para la organizaci\u00f3n. Creo que la asamblea es el lugar indicado para decir las cosas que nos tenemos que decir y qu\u00e9 es lo que queremos.&nbsp;<\/span><\/p>\n<p class=\"p3\"><span class=\"s3\">-Dentro de 10 a\u00f1os me gustar\u00eda ver a los pibes que hoy en d\u00eda por ah\u00ed tengo de alumnos en el club, por ah\u00ed me gustar\u00eda verlos ac\u00e1 trabajando. Generar m\u00e1s fuentes de trabajo, que es el objetivo principal de la cooperativa para que ning\u00fan pibe quede en la calle y pueda tener oportunidad que en otro lado no la tiene.<\/span><\/p>\n<p class=\"p3\"><span class=\"s3\">-El mensaje que quiero dejarle a los j\u00f3venes es que sigan estudiando porque es algo muy lindo que te abre la cabeza. Te hace pensar de una manera diferente que por ah\u00ed si no estudias o no lees un libro te encerras en tu propio pensamiento y quedas estancado ah\u00ed. Creo que ese es mi \u00fanico consejo para los pibes de la cooperativa. Que sigan estudiando para poder seguir mejorando y perfeccionando la organizaci\u00f3n. Eso es lo que el d\u00eda de ma\u00f1ana nos va a hacer m\u00e1s serios para salir al mundo laboral de afuera.&nbsp;<\/span><\/p>\t\t\t\t\t\t\t\t<\/div>\n\t\t\t\t<\/div>\n\t\t\t\t\t<\/div>\n\t\t<\/div>\n\t\t\t\t\t<\/div>\n\t\t<\/section>\n\t\t\t\t<section class=\"elementor-section elementor-top-section elementor-element elementor-element-0e459d7 elementor-section-boxed elementor-section-height-default elementor-section-height-default\" data-id=\"0e459d7\" data-element_type=\"section\" data-e-type=\"section\">\n\t\t\t\t\t\t<div class=\"elementor-container elementor-column-gap-default\">\n\t\t\t\t\t<div class=\"elementor-column elementor-col-100 elementor-top-column elementor-element elementor-element-d793611\" data-id=\"d793611\" data-element_type=\"column\" data-e-type=\"column\">\n\t\t\t<div class=\"elementor-widget-wrap elementor-element-populated\">\n\t\t\t\t\t\t<div class=\"elementor-element elementor-element-f599a45 elementor-widget-divider--view-line elementor-widget elementor-widget-divider\" data-id=\"f599a45\" data-element_type=\"widget\" data-e-type=\"widget\" data-widget_type=\"divider.default\">\n\t\t\t\t<div class=\"elementor-widget-container\">\n\t\t\t\t\t\t\t<div class=\"elementor-divider\">\n\t\t\t<span class=\"elementor-divider-separator\">\n\t\t\t\t\t\t<\/span>\n\t\t<\/div>\n\t\t\t\t\t\t<\/div>\n\t\t\t\t<\/div>\n\t\t\t\t\t<\/div>\n\t\t<\/div>\n\t\t\t\t\t<\/div>\n\t\t<\/section>\n\t\t\t\t<footer class=\"elementor-section elementor-top-section elementor-element elementor-element-a43732a elementor-section-boxed elementor-section-height-default elementor-section-height-default\" data-id=\"a43732a\" data-element_type=\"section\" data-e-type=\"section\">\n\t\t\t\t\t\t<div class=\"elementor-container elementor-column-gap-default\">\n\t\t\t\t\t<div class=\"elementor-column elementor-col-33 elementor-top-column elementor-element elementor-element-550b80d\" data-id=\"550b80d\" data-element_type=\"column\" data-e-type=\"column\">\n\t\t\t<div class=\"elementor-widget-wrap elementor-element-populated\">\n\t\t\t\t\t\t<div class=\"elementor-element elementor-element-d8864a5 elementor-widget elementor-widget-image\" data-id=\"d8864a5\" data-element_type=\"widget\" data-e-type=\"widget\" data-widget_type=\"image.default\">\n\t\t\t\t<div class=\"elementor-widget-container\">\n\t\t\t\t\t\t\t\t\t\t\t\t\t\t\t<img decoding=\"async\" width=\"266\" height=\"179\" src=\"https:\/\/cooperativaust.com.ar\/wp\/wp-content\/uploads\/2020\/09\/Cabezax3.png\" class=\"attachment-large size-large wp-image-2467\" alt=\"\" \/>\t\t\t\t\t\t\t\t\t\t\t\t\t\t\t<\/div>\n\t\t\t\t<\/div>\n\t\t\t\t<div class=\"elementor-element elementor-element-9a4f0e2 elementor-widget elementor-widget-text-editor\" data-id=\"9a4f0e2\" data-element_type=\"widget\" data-e-type=\"widget\" data-widget_type=\"text-editor.default\">\n\t\t\t\t<div class=\"elementor-widget-container\">\n\t\t\t\t\t\t\t\t\t<p class=\"p1\">Calle Ortega y San Vicente S\/N\u00b0, Villa Dom\u00ednico, Avellaneda, Buenos Aires, Argentina\u00a0<br \/>Telefax: (+54) 11 4217-5068<\/p>\t\t\t\t\t\t\t\t<\/div>\n\t\t\t\t<\/div>\n\t\t\t\t\t<\/div>\n\t\t<\/div>\n\t\t\t\t<div class=\"elementor-column elementor-col-33 elementor-top-column elementor-element elementor-element-9e14c9b\" data-id=\"9e14c9b\" data-element_type=\"column\" data-e-type=\"column\">\n\t\t\t<div class=\"elementor-widget-wrap elementor-element-populated\">\n\t\t\t\t\t\t<div class=\"elementor-element elementor-element-b324d56 elementor-widget elementor-widget-google_maps\" data-id=\"b324d56\" data-element_type=\"widget\" data-e-type=\"widget\" data-widget_type=\"google_maps.default\">\n\t\t\t\t<div class=\"elementor-widget-container\">\n\t\t\t\t\t\t\t<div class=\"elementor-custom-embed\">\n\t\t\t<iframe loading=\"lazy\"\n\t\t\t\t\tsrc=\"https:\/\/maps.google.com\/maps?q=34%C2%B041%2706.2%22S%2058%C2%B018%2757.9%22W&#038;t=m&#038;z=10&#038;output=embed&#038;iwloc=near\"\n\t\t\t\t\ttitle=\"34\u00b041&#039;06.2&quot;S 58\u00b018&#039;57.9&quot;W\"\n\t\t\t\t\taria-label=\"34\u00b041&#039;06.2&quot;S 58\u00b018&#039;57.9&quot;W\"\n\t\t\t><\/iframe>\n\t\t<\/div>\n\t\t\t\t\t\t<\/div>\n\t\t\t\t<\/div>\n\t\t\t\t\t<\/div>\n\t\t<\/div>\n\t\t\t\t<div class=\"elementor-column elementor-col-33 elementor-top-column elementor-element elementor-element-01d2345\" data-id=\"01d2345\" data-element_type=\"column\" data-e-type=\"column\">\n\t\t\t<div class=\"elementor-widget-wrap elementor-element-populated\">\n\t\t\t\t\t\t<div class=\"elementor-element elementor-element-3748030 elementor-widget elementor-widget-heading\" data-id=\"3748030\" data-element_type=\"widget\" data-e-type=\"widget\" data-widget_type=\"heading.default\">\n\t\t\t\t<div class=\"elementor-widget-container\">\n\t\t\t\t\t<div class=\"elementor-heading-title elementor-size-default\">NUESTRAS REDES<\/div>\t\t\t\t<\/div>\n\t\t\t\t<\/div>\n\t\t\t\t<div class=\"elementor-element elementor-element-fe226d9 elementor-shape-circle elementor-grid-4 e-grid-align-left elementor-widget elementor-widget-social-icons\" data-id=\"fe226d9\" data-element_type=\"widget\" data-e-type=\"widget\" data-widget_type=\"social-icons.default\">\n\t\t\t\t<div class=\"elementor-widget-container\">\n\t\t\t\t\t\t\t<div class=\"elementor-social-icons-wrapper elementor-grid\" role=\"list\">\n\t\t\t\t\t\t\t<span class=\"elementor-grid-item\" role=\"listitem\">\n\t\t\t\t\t<a class=\"elementor-icon elementor-social-icon elementor-social-icon-facebook elementor-repeater-item-dd47f45\" href=\"https:\/\/www.facebook.com\/CoopUST\" target=\"_blank\">\n\t\t\t\t\t\t<span class=\"elementor-screen-only\">Facebook<\/span>\n\t\t\t\t\t\t<i aria-hidden=\"true\" class=\"fab fa-facebook\"><\/i>\t\t\t\t\t<\/a>\n\t\t\t\t<\/span>\n\t\t\t\t\t\t\t<span class=\"elementor-grid-item\" role=\"listitem\">\n\t\t\t\t\t<a class=\"elementor-icon elementor-social-icon elementor-social-icon-twitter elementor-repeater-item-583ab31\" href=\"https:\/\/twitter.com\/CooperativaUST\" target=\"_blank\">\n\t\t\t\t\t\t<span class=\"elementor-screen-only\">Twitter<\/span>\n\t\t\t\t\t\t<i aria-hidden=\"true\" class=\"fab fa-twitter\"><\/i>\t\t\t\t\t<\/a>\n\t\t\t\t<\/span>\n\t\t\t\t\t\t\t<span class=\"elementor-grid-item\" role=\"listitem\">\n\t\t\t\t\t<a class=\"elementor-icon elementor-social-icon elementor-social-icon-youtube elementor-repeater-item-6b0a73e\" href=\"https:\/\/www.youtube.com\/user\/CooperativaUST\" target=\"_blank\">\n\t\t\t\t\t\t<span class=\"elementor-screen-only\">Youtube<\/span>\n\t\t\t\t\t\t<i aria-hidden=\"true\" class=\"fab fa-youtube\"><\/i>\t\t\t\t\t<\/a>\n\t\t\t\t<\/span>\n\t\t\t\t\t\t\t<span class=\"elementor-grid-item\" role=\"listitem\">\n\t\t\t\t\t<a class=\"elementor-icon elementor-social-icon elementor-social-icon-instagram elementor-repeater-item-441c33e\" href=\"https:\/\/www.instagram.com\/cooperativaust\/\" target=\"_blank\">\n\t\t\t\t\t\t<span class=\"elementor-screen-only\">Instagram<\/span>\n\t\t\t\t\t\t<i aria-hidden=\"true\" class=\"fab fa-instagram\"><\/i>\t\t\t\t\t<\/a>\n\t\t\t\t<\/span>\n\t\t\t\t\t<\/div>\n\t\t\t\t\t\t<\/div>\n\t\t\t\t<\/div>\n\t\t\t\t<div class=\"elementor-element elementor-element-6a00f94 elementor-widget-divider--view-line elementor-widget elementor-widget-divider\" data-id=\"6a00f94\" data-element_type=\"widget\" data-e-type=\"widget\" data-widget_type=\"divider.default\">\n\t\t\t\t<div class=\"elementor-widget-container\">\n\t\t\t\t\t\t\t<div class=\"elementor-divider\">\n\t\t\t<span class=\"elementor-divider-separator\">\n\t\t\t\t\t\t<\/span>\n\t\t<\/div>\n\t\t\t\t\t\t<\/div>\n\t\t\t\t<\/div>\n\t\t\t\t<div class=\"elementor-element elementor-element-8d80043 elementor-widget elementor-widget-heading\" data-id=\"8d80043\" data-element_type=\"widget\" data-e-type=\"widget\" data-widget_type=\"heading.default\">\n\t\t\t\t<div class=\"elementor-widget-container\">\n\t\t\t\t\t<div class=\"elementor-heading-title elementor-size-default\">DEJANOS TUS DATOS<\/div>\t\t\t\t<\/div>\n\t\t\t\t<\/div>\n\t\t\t\t<div class=\"elementor-element elementor-element-e5a1420 elementor-button-align-stretch elementor-widget elementor-widget-form\" data-id=\"e5a1420\" data-element_type=\"widget\" data-e-type=\"widget\" data-settings=\"{&quot;step_next_label&quot;:&quot;Pr\\u00f3ximo&quot;,&quot;step_previous_label&quot;:&quot;Anterior&quot;,&quot;button_width&quot;:&quot;100&quot;,&quot;step_type&quot;:&quot;number_text&quot;,&quot;step_icon_shape&quot;:&quot;circle&quot;}\" data-widget_type=\"form.default\">\n\t\t\t\t<div class=\"elementor-widget-container\">\n\t\t\t\t\t\t\t<form class=\"elementor-form\" method=\"post\" name=\"Contacto pie\" aria-label=\"Contacto pie\">\n\t\t\t<input type=\"hidden\" name=\"post_id\" value=\"1008\"\/>\n\t\t\t<input type=\"hidden\" name=\"form_id\" value=\"e5a1420\"\/>\n\t\t\t<input type=\"hidden\" name=\"referer_title\" value=\"Semillero de la UST Capitulo 6: Alan Ledesma - Cooperativa UST\" \/>\n\n\t\t\t\t\t\t\t<input type=\"hidden\" name=\"queried_id\" value=\"1008\"\/>\n\t\t\t\n\t\t\t<div class=\"elementor-form-fields-wrapper elementor-labels-\">\n\t\t\t\t\t\t\t\t<div class=\"elementor-field-type-text elementor-field-group elementor-column elementor-field-group-name elementor-col-100\">\n\t\t\t\t\t\t\t\t\t\t\t\t<label for=\"form-field-name\" class=\"elementor-field-label elementor-screen-only\">\n\t\t\t\t\t\t\t\tTu nombre\t\t\t\t\t\t\t<\/label>\n\t\t\t\t\t\t\t\t\t\t\t\t\t\t<input size=\"1\" type=\"text\" name=\"form_fields[name]\" id=\"form-field-name\" class=\"elementor-field elementor-size-sm  elementor-field-textual\" placeholder=\"Tu nombre\">\n\t\t\t\t\t\t\t\t\t\t\t<\/div>\n\t\t\t\t\t\t\t\t<div class=\"elementor-field-type-email elementor-field-group elementor-column elementor-field-group-email elementor-col-100 elementor-field-required\">\n\t\t\t\t\t\t\t\t\t\t\t\t<label for=\"form-field-email\" class=\"elementor-field-label elementor-screen-only\">\n\t\t\t\t\t\t\t\tEmail\t\t\t\t\t\t\t<\/label>\n\t\t\t\t\t\t\t\t\t\t\t\t\t\t<input size=\"1\" type=\"email\" name=\"form_fields[email]\" id=\"form-field-email\" class=\"elementor-field elementor-size-sm  elementor-field-textual\" placeholder=\"Tu mail\" required=\"required\">\n\t\t\t\t\t\t\t\t\t\t\t<\/div>\n\t\t\t\t\t\t\t\t<div class=\"elementor-field-group elementor-column elementor-field-type-submit elementor-col-100 e-form__buttons\">\n\t\t\t\t\t<button class=\"elementor-button elementor-size-sm\" type=\"submit\">\n\t\t\t\t\t\t<span class=\"elementor-button-content-wrapper\">\n\t\t\t\t\t\t\t\t\t\t\t\t\t\t\t\t\t\t\t\t\t\t<span class=\"elementor-button-text\">Enviar<\/span>\n\t\t\t\t\t\t\t\t\t\t\t\t\t<\/span>\n\t\t\t\t\t<\/button>\n\t\t\t\t<\/div>\n\t\t\t<\/div>\n\t\t<\/form>\n\t\t\t\t\t\t<\/div>\n\t\t\t\t<\/div>\n\t\t\t\t\t<\/div>\n\t\t<\/div>\n\t\t\t\t\t<\/div>\n\t\t<\/footer>\n\t\t\t\t<\/div>\n\t\t","protected":false},"excerpt":{"rendered":"<p>Semillero de la UST Capitulo 6: Alan Ledesma Los j\u00f3venes de la Cooperativa te cuentan de su vida, como llegaron y que quieren para el futuro suyo y de los compa\u00f1eros que integran la UST Share on facebook Share on twitter Share on whatsapp Share on email Share on telegram La entrega n\u00ba 6 del [&hellip;]<\/p>\n","protected":false},"author":1,"featured_media":1009,"comment_status":"closed","ping_status":"closed","sticky":false,"template":"","format":"standard","meta":{"site-sidebar-layout":"default","site-content-layout":"default","ast-site-content-layout":"default","site-content-style":"default","site-sidebar-style":"default","ast-global-header-display":"","ast-banner-title-visibility":"","ast-main-header-display":"","ast-hfb-above-header-display":"","ast-hfb-below-header-display":"","ast-hfb-mobile-header-display":"","site-post-title":"disabled","ast-breadcrumbs-content":"","ast-featured-img":"","footer-sml-layout":"","ast-disable-related-posts":"","theme-transparent-header-meta":"default","adv-header-id-meta":"","stick-header-meta":"default","header-above-stick-meta":"","header-main-stick-meta":"","header-below-stick-meta":"","astra-migrate-meta-layouts":"default","ast-page-background-enabled":"default","ast-page-background-meta":{"desktop":{"background-color":"","background-image":"","background-repeat":"repeat","background-position":"center center","background-size":"auto","background-attachment":"scroll","background-type":"","background-media":"","overlay-type":"","overlay-color":"","overlay-opacity":"","overlay-gradient":""},"tablet":{"background-color":"","background-image":"","background-repeat":"repeat","background-position":"center center","background-size":"auto","background-attachment":"scroll","background-type":"","background-media":"","overlay-type":"","overlay-color":"","overlay-opacity":"","overlay-gradient":""},"mobile":{"background-color":"","background-image":"","background-repeat":"repeat","background-position":"center center","background-size":"auto","background-attachment":"scroll","background-type":"","background-media":"","overlay-type":"","overlay-color":"","overlay-opacity":"","overlay-gradient":""}},"ast-content-background-meta":{"desktop":{"background-color":"var(--ast-global-color-5)","background-image":"","background-repeat":"repeat","background-position":"center center","background-size":"auto","background-attachment":"scroll","background-type":"","background-media":"","overlay-type":"","overlay-color":"","overlay-opacity":"","overlay-gradient":""},"tablet":{"background-color":"var(--ast-global-color-5)","background-image":"","background-repeat":"repeat","background-position":"center center","background-size":"auto","background-attachment":"scroll","background-type":"","background-media":"","overlay-type":"","overlay-color":"","overlay-opacity":"","overlay-gradient":""},"mobile":{"background-color":"var(--ast-global-color-5)","background-image":"","background-repeat":"repeat","background-position":"center center","background-size":"auto","background-attachment":"scroll","background-type":"","background-media":"","overlay-type":"","overlay-color":"","overlay-opacity":"","overlay-gradient":""}},"_joinchat":[],"footnotes":""},"categories":[20,1,21],"tags":[],"class_list":["post-1008","post","type-post","status-publish","format-standard","has-post-thumbnail","hentry","category-comunicacion","category-cooperativa-ust","category-video"],"yoast_head":"<!-- This site is optimized with the Yoast SEO plugin v27.5 - https:\/\/yoast.com\/product\/yoast-seo-wordpress\/ -->\n<title>Semillero de la UST Capitulo 6: Alan Ledesma - Cooperativa UST<\/title>\n<meta name=\"robots\" content=\"index, follow, max-snippet:-1, max-image-preview:large, max-video-preview:-1\" \/>\n<link rel=\"canonical\" href=\"https:\/\/cooperativaust.com.ar\/wp\/semillero-de-la-ust-capitulo-6-alan-ledesma\/\" \/>\n<meta property=\"og:locale\" content=\"es_ES\" \/>\n<meta property=\"og:type\" content=\"article\" \/>\n<meta property=\"og:title\" content=\"Semillero de la UST Capitulo 6: Alan Ledesma - Cooperativa UST\" \/>\n<meta property=\"og:description\" content=\"Semillero de la UST Capitulo 6: Alan Ledesma Los j\u00f3venes de la Cooperativa te cuentan de su vida, como llegaron y que quieren para el futuro suyo y de los compa\u00f1eros que integran la UST Share on facebook Share on twitter Share on whatsapp Share on email Share on telegram La entrega n\u00ba 6 del [&hellip;]\" \/>\n<meta property=\"og:url\" content=\"https:\/\/cooperativaust.com.ar\/wp\/semillero-de-la-ust-capitulo-6-alan-ledesma\/\" \/>\n<meta property=\"og:site_name\" content=\"Cooperativa UST\" \/>\n<meta property=\"article:publisher\" content=\"https:\/\/www.facebook.com\/CoopUST\/\" \/>\n<meta property=\"article:published_time\" content=\"2020-05-05T15:21:46+00:00\" \/>\n<meta property=\"article:modified_time\" content=\"2020-11-13T19:06:24+00:00\" \/>\n<meta property=\"og:image\" content=\"https:\/\/cooperativaust.com.ar\/wp\/wp-content\/uploads\/2020\/10\/maxresdefault-5.jpg\" \/>\n\t<meta property=\"og:image:width\" content=\"1280\" \/>\n\t<meta property=\"og:image:height\" content=\"720\" \/>\n\t<meta property=\"og:image:type\" content=\"image\/jpeg\" \/>\n<meta name=\"author\" content=\"Administrador\" \/>\n<meta name=\"twitter:card\" content=\"summary_large_image\" \/>\n<meta name=\"twitter:creator\" content=\"@CooperativaUST\" \/>\n<meta name=\"twitter:site\" content=\"@CooperativaUST\" \/>\n<meta name=\"twitter:label1\" content=\"Escrito por\" \/>\n\t<meta name=\"twitter:data1\" content=\"Administrador\" \/>\n\t<meta name=\"twitter:label2\" content=\"Tiempo de lectura\" \/>\n\t<meta name=\"twitter:data2\" content=\"5 minutos\" \/>\n<script type=\"application\/ld+json\" class=\"yoast-schema-graph\">{\"@context\":\"https:\\\/\\\/schema.org\",\"@graph\":[{\"@type\":\"Article\",\"@id\":\"https:\\\/\\\/cooperativaust.com.ar\\\/wp\\\/semillero-de-la-ust-capitulo-6-alan-ledesma\\\/#article\",\"isPartOf\":{\"@id\":\"https:\\\/\\\/cooperativaust.com.ar\\\/wp\\\/semillero-de-la-ust-capitulo-6-alan-ledesma\\\/\"},\"author\":{\"name\":\"Administrador\",\"@id\":\"https:\\\/\\\/cooperativaust.com.ar\\\/wp\\\/#\\\/schema\\\/person\\\/b8aeee9bc465c10329a74a615a792fa5\"},\"headline\":\"Semillero de la UST Capitulo 6: Alan Ledesma\",\"datePublished\":\"2020-05-05T15:21:46+00:00\",\"dateModified\":\"2020-11-13T19:06:24+00:00\",\"mainEntityOfPage\":{\"@id\":\"https:\\\/\\\/cooperativaust.com.ar\\\/wp\\\/semillero-de-la-ust-capitulo-6-alan-ledesma\\\/\"},\"wordCount\":1082,\"publisher\":{\"@id\":\"https:\\\/\\\/cooperativaust.com.ar\\\/wp\\\/#organization\"},\"image\":{\"@id\":\"https:\\\/\\\/cooperativaust.com.ar\\\/wp\\\/semillero-de-la-ust-capitulo-6-alan-ledesma\\\/#primaryimage\"},\"thumbnailUrl\":\"https:\\\/\\\/cooperativaust.com.ar\\\/wp\\\/wp-content\\\/uploads\\\/2020\\\/10\\\/maxresdefault-5.jpg\",\"articleSection\":[\"Comunicaci\u00f3n\",\"Cooperativa UST\",\"Video\"],\"inLanguage\":\"es\"},{\"@type\":\"WebPage\",\"@id\":\"https:\\\/\\\/cooperativaust.com.ar\\\/wp\\\/semillero-de-la-ust-capitulo-6-alan-ledesma\\\/\",\"url\":\"https:\\\/\\\/cooperativaust.com.ar\\\/wp\\\/semillero-de-la-ust-capitulo-6-alan-ledesma\\\/\",\"name\":\"Semillero de la UST Capitulo 6: Alan Ledesma - Cooperativa UST\",\"isPartOf\":{\"@id\":\"https:\\\/\\\/cooperativaust.com.ar\\\/wp\\\/#website\"},\"primaryImageOfPage\":{\"@id\":\"https:\\\/\\\/cooperativaust.com.ar\\\/wp\\\/semillero-de-la-ust-capitulo-6-alan-ledesma\\\/#primaryimage\"},\"image\":{\"@id\":\"https:\\\/\\\/cooperativaust.com.ar\\\/wp\\\/semillero-de-la-ust-capitulo-6-alan-ledesma\\\/#primaryimage\"},\"thumbnailUrl\":\"https:\\\/\\\/cooperativaust.com.ar\\\/wp\\\/wp-content\\\/uploads\\\/2020\\\/10\\\/maxresdefault-5.jpg\",\"datePublished\":\"2020-05-05T15:21:46+00:00\",\"dateModified\":\"2020-11-13T19:06:24+00:00\",\"breadcrumb\":{\"@id\":\"https:\\\/\\\/cooperativaust.com.ar\\\/wp\\\/semillero-de-la-ust-capitulo-6-alan-ledesma\\\/#breadcrumb\"},\"inLanguage\":\"es\",\"potentialAction\":[{\"@type\":\"ReadAction\",\"target\":[\"https:\\\/\\\/cooperativaust.com.ar\\\/wp\\\/semillero-de-la-ust-capitulo-6-alan-ledesma\\\/\"]}]},{\"@type\":\"ImageObject\",\"inLanguage\":\"es\",\"@id\":\"https:\\\/\\\/cooperativaust.com.ar\\\/wp\\\/semillero-de-la-ust-capitulo-6-alan-ledesma\\\/#primaryimage\",\"url\":\"https:\\\/\\\/cooperativaust.com.ar\\\/wp\\\/wp-content\\\/uploads\\\/2020\\\/10\\\/maxresdefault-5.jpg\",\"contentUrl\":\"https:\\\/\\\/cooperativaust.com.ar\\\/wp\\\/wp-content\\\/uploads\\\/2020\\\/10\\\/maxresdefault-5.jpg\",\"width\":1280,\"height\":720},{\"@type\":\"BreadcrumbList\",\"@id\":\"https:\\\/\\\/cooperativaust.com.ar\\\/wp\\\/semillero-de-la-ust-capitulo-6-alan-ledesma\\\/#breadcrumb\",\"itemListElement\":[{\"@type\":\"ListItem\",\"position\":1,\"name\":\"Portada\",\"item\":\"https:\\\/\\\/cooperativaust.com.ar\\\/wp\\\/\"},{\"@type\":\"ListItem\",\"position\":2,\"name\":\"Semillero de la UST Capitulo 6: Alan Ledesma\"}]},{\"@type\":\"WebSite\",\"@id\":\"https:\\\/\\\/cooperativaust.com.ar\\\/wp\\\/#website\",\"url\":\"https:\\\/\\\/cooperativaust.com.ar\\\/wp\\\/\",\"name\":\"Cooperativa UST\",\"description\":\"Cooperativa Uni\u00f3n Solidaria de Trabajadores\",\"publisher\":{\"@id\":\"https:\\\/\\\/cooperativaust.com.ar\\\/wp\\\/#organization\"},\"potentialAction\":[{\"@type\":\"SearchAction\",\"target\":{\"@type\":\"EntryPoint\",\"urlTemplate\":\"https:\\\/\\\/cooperativaust.com.ar\\\/wp\\\/?s={search_term_string}\"},\"query-input\":{\"@type\":\"PropertyValueSpecification\",\"valueRequired\":true,\"valueName\":\"search_term_string\"}}],\"inLanguage\":\"es\"},{\"@type\":\"Organization\",\"@id\":\"https:\\\/\\\/cooperativaust.com.ar\\\/wp\\\/#organization\",\"name\":\"Cooperativa UST\",\"url\":\"https:\\\/\\\/cooperativaust.com.ar\\\/wp\\\/\",\"logo\":{\"@type\":\"ImageObject\",\"inLanguage\":\"es\",\"@id\":\"https:\\\/\\\/cooperativaust.com.ar\\\/wp\\\/#\\\/schema\\\/logo\\\/image\\\/\",\"url\":\"https:\\\/\\\/cooperativaust.com.ar\\\/wp\\\/wp-content\\\/uploads\\\/2020\\\/09\\\/Logo-UST.png\",\"contentUrl\":\"https:\\\/\\\/cooperativaust.com.ar\\\/wp\\\/wp-content\\\/uploads\\\/2020\\\/09\\\/Logo-UST.png\",\"width\":720,\"height\":948,\"caption\":\"Cooperativa UST\"},\"image\":{\"@id\":\"https:\\\/\\\/cooperativaust.com.ar\\\/wp\\\/#\\\/schema\\\/logo\\\/image\\\/\"},\"sameAs\":[\"https:\\\/\\\/www.facebook.com\\\/CoopUST\\\/\",\"https:\\\/\\\/x.com\\\/CooperativaUST\",\"https:\\\/\\\/www.instagram.com\\\/cooperativaust\\\/\"]},{\"@type\":\"Person\",\"@id\":\"https:\\\/\\\/cooperativaust.com.ar\\\/wp\\\/#\\\/schema\\\/person\\\/b8aeee9bc465c10329a74a615a792fa5\",\"name\":\"Administrador\",\"sameAs\":[\"https:\\\/\\\/cooperativaust.com.ar\\\/wp\"],\"url\":\"https:\\\/\\\/cooperativaust.com.ar\\\/wp\\\/author\\\/administrador\\\/\"}]}<\/script>\n<!-- \/ Yoast SEO plugin. -->","yoast_head_json":{"title":"Semillero de la UST Capitulo 6: Alan Ledesma - Cooperativa UST","robots":{"index":"index","follow":"follow","max-snippet":"max-snippet:-1","max-image-preview":"max-image-preview:large","max-video-preview":"max-video-preview:-1"},"canonical":"https:\/\/cooperativaust.com.ar\/wp\/semillero-de-la-ust-capitulo-6-alan-ledesma\/","og_locale":"es_ES","og_type":"article","og_title":"Semillero de la UST Capitulo 6: Alan Ledesma - Cooperativa UST","og_description":"Semillero de la UST Capitulo 6: Alan Ledesma Los j\u00f3venes de la Cooperativa te cuentan de su vida, como llegaron y que quieren para el futuro suyo y de los compa\u00f1eros que integran la UST Share on facebook Share on twitter Share on whatsapp Share on email Share on telegram La entrega n\u00ba 6 del [&hellip;]","og_url":"https:\/\/cooperativaust.com.ar\/wp\/semillero-de-la-ust-capitulo-6-alan-ledesma\/","og_site_name":"Cooperativa UST","article_publisher":"https:\/\/www.facebook.com\/CoopUST\/","article_published_time":"2020-05-05T15:21:46+00:00","article_modified_time":"2020-11-13T19:06:24+00:00","og_image":[{"width":1280,"height":720,"url":"https:\/\/cooperativaust.com.ar\/wp\/wp-content\/uploads\/2020\/10\/maxresdefault-5.jpg","type":"image\/jpeg"}],"author":"Administrador","twitter_card":"summary_large_image","twitter_creator":"@CooperativaUST","twitter_site":"@CooperativaUST","twitter_misc":{"Escrito por":"Administrador","Tiempo de lectura":"5 minutos"},"schema":{"@context":"https:\/\/schema.org","@graph":[{"@type":"Article","@id":"https:\/\/cooperativaust.com.ar\/wp\/semillero-de-la-ust-capitulo-6-alan-ledesma\/#article","isPartOf":{"@id":"https:\/\/cooperativaust.com.ar\/wp\/semillero-de-la-ust-capitulo-6-alan-ledesma\/"},"author":{"name":"Administrador","@id":"https:\/\/cooperativaust.com.ar\/wp\/#\/schema\/person\/b8aeee9bc465c10329a74a615a792fa5"},"headline":"Semillero de la UST Capitulo 6: Alan Ledesma","datePublished":"2020-05-05T15:21:46+00:00","dateModified":"2020-11-13T19:06:24+00:00","mainEntityOfPage":{"@id":"https:\/\/cooperativaust.com.ar\/wp\/semillero-de-la-ust-capitulo-6-alan-ledesma\/"},"wordCount":1082,"publisher":{"@id":"https:\/\/cooperativaust.com.ar\/wp\/#organization"},"image":{"@id":"https:\/\/cooperativaust.com.ar\/wp\/semillero-de-la-ust-capitulo-6-alan-ledesma\/#primaryimage"},"thumbnailUrl":"https:\/\/cooperativaust.com.ar\/wp\/wp-content\/uploads\/2020\/10\/maxresdefault-5.jpg","articleSection":["Comunicaci\u00f3n","Cooperativa UST","Video"],"inLanguage":"es"},{"@type":"WebPage","@id":"https:\/\/cooperativaust.com.ar\/wp\/semillero-de-la-ust-capitulo-6-alan-ledesma\/","url":"https:\/\/cooperativaust.com.ar\/wp\/semillero-de-la-ust-capitulo-6-alan-ledesma\/","name":"Semillero de la UST Capitulo 6: Alan Ledesma - Cooperativa UST","isPartOf":{"@id":"https:\/\/cooperativaust.com.ar\/wp\/#website"},"primaryImageOfPage":{"@id":"https:\/\/cooperativaust.com.ar\/wp\/semillero-de-la-ust-capitulo-6-alan-ledesma\/#primaryimage"},"image":{"@id":"https:\/\/cooperativaust.com.ar\/wp\/semillero-de-la-ust-capitulo-6-alan-ledesma\/#primaryimage"},"thumbnailUrl":"https:\/\/cooperativaust.com.ar\/wp\/wp-content\/uploads\/2020\/10\/maxresdefault-5.jpg","datePublished":"2020-05-05T15:21:46+00:00","dateModified":"2020-11-13T19:06:24+00:00","breadcrumb":{"@id":"https:\/\/cooperativaust.com.ar\/wp\/semillero-de-la-ust-capitulo-6-alan-ledesma\/#breadcrumb"},"inLanguage":"es","potentialAction":[{"@type":"ReadAction","target":["https:\/\/cooperativaust.com.ar\/wp\/semillero-de-la-ust-capitulo-6-alan-ledesma\/"]}]},{"@type":"ImageObject","inLanguage":"es","@id":"https:\/\/cooperativaust.com.ar\/wp\/semillero-de-la-ust-capitulo-6-alan-ledesma\/#primaryimage","url":"https:\/\/cooperativaust.com.ar\/wp\/wp-content\/uploads\/2020\/10\/maxresdefault-5.jpg","contentUrl":"https:\/\/cooperativaust.com.ar\/wp\/wp-content\/uploads\/2020\/10\/maxresdefault-5.jpg","width":1280,"height":720},{"@type":"BreadcrumbList","@id":"https:\/\/cooperativaust.com.ar\/wp\/semillero-de-la-ust-capitulo-6-alan-ledesma\/#breadcrumb","itemListElement":[{"@type":"ListItem","position":1,"name":"Portada","item":"https:\/\/cooperativaust.com.ar\/wp\/"},{"@type":"ListItem","position":2,"name":"Semillero de la UST Capitulo 6: Alan Ledesma"}]},{"@type":"WebSite","@id":"https:\/\/cooperativaust.com.ar\/wp\/#website","url":"https:\/\/cooperativaust.com.ar\/wp\/","name":"Cooperativa UST","description":"Cooperativa Uni\u00f3n Solidaria de Trabajadores","publisher":{"@id":"https:\/\/cooperativaust.com.ar\/wp\/#organization"},"potentialAction":[{"@type":"SearchAction","target":{"@type":"EntryPoint","urlTemplate":"https:\/\/cooperativaust.com.ar\/wp\/?s={search_term_string}"},"query-input":{"@type":"PropertyValueSpecification","valueRequired":true,"valueName":"search_term_string"}}],"inLanguage":"es"},{"@type":"Organization","@id":"https:\/\/cooperativaust.com.ar\/wp\/#organization","name":"Cooperativa UST","url":"https:\/\/cooperativaust.com.ar\/wp\/","logo":{"@type":"ImageObject","inLanguage":"es","@id":"https:\/\/cooperativaust.com.ar\/wp\/#\/schema\/logo\/image\/","url":"https:\/\/cooperativaust.com.ar\/wp\/wp-content\/uploads\/2020\/09\/Logo-UST.png","contentUrl":"https:\/\/cooperativaust.com.ar\/wp\/wp-content\/uploads\/2020\/09\/Logo-UST.png","width":720,"height":948,"caption":"Cooperativa UST"},"image":{"@id":"https:\/\/cooperativaust.com.ar\/wp\/#\/schema\/logo\/image\/"},"sameAs":["https:\/\/www.facebook.com\/CoopUST\/","https:\/\/x.com\/CooperativaUST","https:\/\/www.instagram.com\/cooperativaust\/"]},{"@type":"Person","@id":"https:\/\/cooperativaust.com.ar\/wp\/#\/schema\/person\/b8aeee9bc465c10329a74a615a792fa5","name":"Administrador","sameAs":["https:\/\/cooperativaust.com.ar\/wp"],"url":"https:\/\/cooperativaust.com.ar\/wp\/author\/administrador\/"}]}},"_links":{"self":[{"href":"https:\/\/cooperativaust.com.ar\/wp\/wp-json\/wp\/v2\/posts\/1008","targetHints":{"allow":["GET"]}}],"collection":[{"href":"https:\/\/cooperativaust.com.ar\/wp\/wp-json\/wp\/v2\/posts"}],"about":[{"href":"https:\/\/cooperativaust.com.ar\/wp\/wp-json\/wp\/v2\/types\/post"}],"author":[{"embeddable":true,"href":"https:\/\/cooperativaust.com.ar\/wp\/wp-json\/wp\/v2\/users\/1"}],"replies":[{"embeddable":true,"href":"https:\/\/cooperativaust.com.ar\/wp\/wp-json\/wp\/v2\/comments?post=1008"}],"version-history":[{"count":10,"href":"https:\/\/cooperativaust.com.ar\/wp\/wp-json\/wp\/v2\/posts\/1008\/revisions"}],"predecessor-version":[{"id":2615,"href":"https:\/\/cooperativaust.com.ar\/wp\/wp-json\/wp\/v2\/posts\/1008\/revisions\/2615"}],"wp:featuredmedia":[{"embeddable":true,"href":"https:\/\/cooperativaust.com.ar\/wp\/wp-json\/wp\/v2\/media\/1009"}],"wp:attachment":[{"href":"https:\/\/cooperativaust.com.ar\/wp\/wp-json\/wp\/v2\/media?parent=1008"}],"wp:term":[{"taxonomy":"category","embeddable":true,"href":"https:\/\/cooperativaust.com.ar\/wp\/wp-json\/wp\/v2\/categories?post=1008"},{"taxonomy":"post_tag","embeddable":true,"href":"https:\/\/cooperativaust.com.ar\/wp\/wp-json\/wp\/v2\/tags?post=1008"}],"curies":[{"name":"wp","href":"https:\/\/api.w.org\/{rel}","templated":true}]}}